{"id":72,"date":"2012-10-25T17:26:00","date_gmt":"2012-10-25T17:26:00","guid":{"rendered":"https:\/\/blogs.unc.edu.ar\/novedadesbm\/2012\/10\/25\/bustos-miguel-angel\/"},"modified":"2012-10-25T17:26:00","modified_gmt":"2012-10-25T17:26:00","slug":"bustos-miguel-angel","status":"publish","type":"post","link":"https:\/\/blogs.unc.edu.ar\/novedadesbm\/2012\/10\/25\/bustos-miguel-angel\/","title":{"rendered":"Bustos, Miguel Angel"},"content":{"rendered":"<div><span>Prosa 1960 &#8211; 1976<\/span><\/div>\n<div><span><br \/><\/span><\/div>\n<div><a href=\"http:\/\/3.bp.blogspot.com\/-nPZGZrZsWiE\/UIl2JmdIdFI\/AAAAAAAAAUY\/EzrAvQTcPO4\/s1600\/PROSA.jpg\"><img decoding=\"async\" border=\"0\" src=\"http:\/\/3.bp.blogspot.com\/-nPZGZrZsWiE\/UIl2JmdIdFI\/AAAAAAAAAUY\/EzrAvQTcPO4\/s1600\/PROSA.jpg\"><\/a><\/div>\n<div><span><br \/><\/span><\/div>\n<div><\/div>\n<div><b><span lang=\"ES-CO\">Miguel Angel Bustos : prosa, 1960-1976<\/span><\/b><span lang=\"ES-CO\"> \/ compilaci\u00f3n y pr\u00f3logo Emiliano Bustos. &#8211; Buenos Aires : Ediciones del CCC, Centro Cultural de la Cooperaci\u00f3n Floreal Gorini, 2007. <\/p>\n<p><\/span><\/div>\n<div><b><span lang=\"ES-CO\">Solicitar por: II 8 B3492<\/p>\n<p><\/span><\/b><\/div>\n<div><\/div>\n<div><span><b><span lang=\"ES-CO\">Comentario<\/p>\n<p><\/span><\/b><\/span><\/div>\n<div><span><span lang=\"ES-CO\">La rimbaudiana f\u00f3rmula \u00abm\u00edstico en estado salvaje\u00bb<\/span><\/span><span><span lang=\"ES-CO\"> <\/span><\/span><span><span lang=\"ES-CO\">con que lo describi\u00f3 Leopoldo Marechal dice<span> <\/span><span>bastante de Ia singularidad de Miguel Angel Bustos<\/span><span> en el contexto de Ia poes\u00eda argentina. Cuando un <\/span>grupo paramititar irrumpi\u00f3 en su casa, el 30 de<span> <\/span>mayo de 1976, el de Bustos era un nombre bien<span> <\/span>conocido y valorado, pero la desaparici\u00f3n de su<span> <\/span><span>nombre y su obra que sigui\u00f3 a su desaparici\u00f3n f\u00edsica<\/span><span> <\/span><span>reci\u00e9n empieza a revertirse tres d\u00e9cadas despu\u00e9s.<\/span><span> <\/span><span>Esta compilaci\u00f3n de sus art\u00edculos y ensayos, Ilevada<\/span><span> <\/span><span>a cabo por su hijo, el poeta Emiliano Bustos, avanza<\/span><span> <\/span><span>en esa direcci\u00f3n, pero adem\u00e1s cumple otra funci\u00f3n<\/span><span> <\/span><span>develadora: hace surgir el rostro menos notorio -no<\/span><span><\/span>opuesto sino complementario- del alucinado, el<span> <\/span><span>visionario, el \u00abmaldito\u00bb. Una cultura vast\u00edsima, una<\/span><span> <\/span>sed de conocimiento y de experiencia est\u00e9tica<span> <\/span><span>capaz de sustentarse en obras muy diversas y hasta<\/span><span> <\/span><span>inconciliables, una inteligencia siempre alerta y una<\/span><span>vinculaci\u00f3n casi natural y nada mec\u00e1nica entre la <\/span>inquietud pol\u00edtica y las aventuras del esp\u00edritu, a<span> <\/span><span>trav\u00e9s de una prosa bella y eficaz, dan por resultado<\/span><span> <\/span><span>un libro de impresionante vigencia y apasionante<\/span><span> <\/span>lectura, que al mismo tiempo permite recorrer<span> <\/span><span>algunos de los m\u00e1s candentes n\u00facleos de inter\u00e9s<\/span><span> <\/span>de un momento particularmente intenso de la<span> <\/span><span>cultura en este pa\u00eds.<\/span><span><\/p>\n<p><\/span><\/span><\/span><\/div>\n","protected":false},"excerpt":{"rendered":"<p>Prosa 1960 &#8211; 1976 Miguel Angel Bustos : prosa, 1960-1976 \/ compilaci\u00f3n y pr\u00f3logo Emiliano Bustos. &#8211; Buenos Aires : Ediciones del CCC, Centro Cultural de la Cooperaci\u00f3n Floreal Gorini, 2007. Solicitar por: II 8 B3492 Comentario La rimbaudiana f\u00f3rmula \u00abm\u00edstico en estado salvaje\u00bb con que lo describi\u00f3 Leopoldo Marechal dice bastante de Ia singularidad &hellip; <a href=\"https:\/\/blogs.unc.edu.ar\/novedadesbm\/2012\/10\/25\/bustos-miguel-angel\/\" class=\"more-link\">Seguir leyendo <span class=\"screen-reader-text\">Bustos, Miguel Angel<\/span> <span class=\"meta-nav\">&rarr;<\/span><\/a><\/p>\n","protected":false},"author":41,"featured_media":0,"comment_status":"open","ping_status":"open","sticky":false,"template":"","format":"standard","meta":{"_jetpack_memberships_contains_paid_content":false,"footnotes":""},"categories":[47],"tags":[],"class_list":["post-72","post","type-post","status-publish","format-standard","hentry","category-literatura"],"jetpack_featured_media_url":"","jetpack_sharing_enabled":true,"_links":{"self":[{"href":"https:\/\/blogs.unc.edu.ar\/novedadesbm\/wp-json\/wp\/v2\/posts\/72","targetHints":{"allow":["GET"]}}],"collection":[{"href":"https:\/\/blogs.unc.edu.ar\/novedadesbm\/wp-json\/wp\/v2\/posts"}],"about":[{"href":"https:\/\/blogs.unc.edu.ar\/novedadesbm\/wp-json\/wp\/v2\/types\/post"}],"author":[{"embeddable":true,"href":"https:\/\/blogs.unc.edu.ar\/novedadesbm\/wp-json\/wp\/v2\/users\/41"}],"replies":[{"embeddable":true,"href":"https:\/\/blogs.unc.edu.ar\/novedadesbm\/wp-json\/wp\/v2\/comments?post=72"}],"version-history":[{"count":0,"href":"https:\/\/blogs.unc.edu.ar\/novedadesbm\/wp-json\/wp\/v2\/posts\/72\/revisions"}],"wp:attachment":[{"href":"https:\/\/blogs.unc.edu.ar\/novedadesbm\/wp-json\/wp\/v2\/media?parent=72"}],"wp:term":[{"taxonomy":"category","embeddable":true,"href":"https:\/\/blogs.unc.edu.ar\/novedadesbm\/wp-json\/wp\/v2\/categories?post=72"},{"taxonomy":"post_tag","embeddable":true,"href":"https:\/\/blogs.unc.edu.ar\/novedadesbm\/wp-json\/wp\/v2\/tags?post=72"}],"curies":[{"name":"wp","href":"https:\/\/api.w.org\/{rel}","templated":true}]}}