{"id":69,"date":"2012-11-15T13:04:00","date_gmt":"2012-11-15T13:04:00","guid":{"rendered":"https:\/\/blogs.unc.edu.ar\/novedadesbm\/2012\/11\/15\/acta-poetica\/"},"modified":"2012-11-15T13:04:00","modified_gmt":"2012-11-15T13:04:00","slug":"acta-poetica","status":"publish","type":"post","link":"https:\/\/blogs.unc.edu.ar\/novedadesbm\/2012\/11\/15\/acta-poetica\/","title":{"rendered":"Acta Po\u00e9tica"},"content":{"rendered":"<div><a href=\"http:\/\/3.bp.blogspot.com\/-O08CjVESfFU\/UKToUrh0OyI\/AAAAAAAAAVM\/kTDDen31yDQ\/s1600\/actapoeticablog.jpg\"><img loading=\"lazy\" decoding=\"async\" border=\"0\" height=\"320\" src=\"http:\/\/3.bp.blogspot.com\/-O08CjVESfFU\/UKToUrh0OyI\/AAAAAAAAAVM\/kTDDen31yDQ\/s320\/actapoeticablog.jpg\" width=\"232\"><\/a><\/div>\n<div><\/div>\n<div><\/div>\n<div><b><span lang=\"ES-AR\">Acta Po\u00e9tica<\/span><\/b><span lang=\"ES-AR\">. &#8211; M\u00e9xico, D.F : Universidad Nacional Aut\u00f3noma de M\u00e9xico. Instituto de Investigaciones Filol\u00f3gicas. <span>no. 32, pte. 2 (2011)<b><\/p>\n<p><\/b><\/span><\/span><\/div>\n<div><span><b><span lang=\"ES-AR\">Solicitar por: H 3267<\/p>\n<p><\/span><\/b><\/span><\/div>\n<div><\/div>\n<div><b><u><span lang=\"ES-AR\">En este n\u00famero<\/p>\n<p><\/span><\/u><\/b><\/div>\n<div><span lang=\"ES-AR\">Este n\u00famero de Acta Po\u00e9tica es una miscel\u00e1nea de perspectivas y visiones en relaci\u00f3n a una multiplicidad de g\u00e9neros, autores, personajes hist\u00f3ricos e incluso literarios. La variedad de asuntos que se presentan en los art\u00edculos incluidos abarcan diversas disciplinas, a partir de las cuales se plantean argumentos y problem\u00e1ticas varias donde los l\u00edmites temporales se diluyen.<\/p>\n<p><\/span><\/div>\n","protected":false},"excerpt":{"rendered":"<p>Acta Po\u00e9tica. &#8211; M\u00e9xico, D.F : Universidad Nacional Aut\u00f3noma de M\u00e9xico. Instituto de Investigaciones Filol\u00f3gicas. no. 32, pte. 2 (2011) Solicitar por: H 3267 En este n\u00famero Este n\u00famero de Acta Po\u00e9tica es una miscel\u00e1nea de perspectivas y visiones en relaci\u00f3n a una multiplicidad de g\u00e9neros, autores, personajes hist\u00f3ricos e incluso literarios. La variedad de &hellip; <a href=\"https:\/\/blogs.unc.edu.ar\/novedadesbm\/2012\/11\/15\/acta-poetica\/\" class=\"more-link\">Seguir leyendo <span class=\"screen-reader-text\">Acta Po\u00e9tica<\/span> <span class=\"meta-nav\">&rarr;<\/span><\/a><\/p>\n","protected":false},"author":41,"featured_media":0,"comment_status":"open","ping_status":"open","sticky":false,"template":"","format":"standard","meta":{"_jetpack_memberships_contains_paid_content":false,"footnotes":""},"categories":[6601],"tags":[],"class_list":["post-69","post","type-post","status-publish","format-standard","hentry","category-centro-de-documentacion"],"jetpack_featured_media_url":"","jetpack_sharing_enabled":true,"_links":{"self":[{"href":"https:\/\/blogs.unc.edu.ar\/novedadesbm\/wp-json\/wp\/v2\/posts\/69","targetHints":{"allow":["GET"]}}],"collection":[{"href":"https:\/\/blogs.unc.edu.ar\/novedadesbm\/wp-json\/wp\/v2\/posts"}],"about":[{"href":"https:\/\/blogs.unc.edu.ar\/novedadesbm\/wp-json\/wp\/v2\/types\/post"}],"author":[{"embeddable":true,"href":"https:\/\/blogs.unc.edu.ar\/novedadesbm\/wp-json\/wp\/v2\/users\/41"}],"replies":[{"embeddable":true,"href":"https:\/\/blogs.unc.edu.ar\/novedadesbm\/wp-json\/wp\/v2\/comments?post=69"}],"version-history":[{"count":0,"href":"https:\/\/blogs.unc.edu.ar\/novedadesbm\/wp-json\/wp\/v2\/posts\/69\/revisions"}],"wp:attachment":[{"href":"https:\/\/blogs.unc.edu.ar\/novedadesbm\/wp-json\/wp\/v2\/media?parent=69"}],"wp:term":[{"taxonomy":"category","embeddable":true,"href":"https:\/\/blogs.unc.edu.ar\/novedadesbm\/wp-json\/wp\/v2\/categories?post=69"},{"taxonomy":"post_tag","embeddable":true,"href":"https:\/\/blogs.unc.edu.ar\/novedadesbm\/wp-json\/wp\/v2\/tags?post=69"}],"curies":[{"name":"wp","href":"https:\/\/api.w.org\/{rel}","templated":true}]}}