{"id":65,"date":"2012-11-15T16:49:00","date_gmt":"2012-11-15T16:49:00","guid":{"rendered":"https:\/\/blogs.unc.edu.ar\/novedadesbm\/2012\/11\/15\/girard-rene\/"},"modified":"2012-11-15T16:49:00","modified_gmt":"2012-11-15T16:49:00","slug":"girard-rene","status":"publish","type":"post","link":"https:\/\/blogs.unc.edu.ar\/novedadesbm\/2012\/11\/15\/girard-rene\/","title":{"rendered":"Girard, Ren\u00e9"},"content":{"rendered":"<div><span>Clausewitz en los extremos<\/span><\/div>\n<div><span><br \/><\/span><\/div>\n<div><a href=\"http:\/\/1.bp.blogspot.com\/-mVu5xNyE8uQ\/UKUcVGW_4EI\/AAAAAAAAAWE\/FpCHaCNO49k\/s1600\/CLAUSEWITZ.jpg\"><img decoding=\"async\" border=\"0\" src=\"http:\/\/1.bp.blogspot.com\/-mVu5xNyE8uQ\/UKUcVGW_4EI\/AAAAAAAAAWE\/FpCHaCNO49k\/s1600\/CLAUSEWITZ.jpg\"><\/a><\/div>\n<div><span><br \/><\/span><\/div>\n<div><\/div>\n<div><b><span lang=\"ES-CO\">Girard, Ren\u00e9, 1923- <br \/><\/span><\/b><span lang=\"ES-CO\">Clausewitz en los extremos : pol\u00edtica, guerra y apocalipsis. Conversaciones con Benoit Chantre. Buenos Aires : Katz, 2010. <\/p>\n<p><\/span><\/div>\n<div><b><span lang=\"ES-CO\">Solicitar por: <\/span><\/b><b><span>V 35 B449<\/p>\n<p><\/span><\/b><\/div>\n<div><\/div>\n<div><b><span>Comentario<\/span><\/b><b><span lang=\"ES-AR\"><\/p>\n<p><\/span><\/b><\/div>\n<div><span><span lang=\"ES-CO\">Nuestra \u00e9poca \u2013un tiempo de hostilidad total e impredecible, en el que los<\/span><\/span><span><span lang=\"ES-CO\"> <\/span><\/span><span><span lang=\"ES-CO\">adversarios aspiran a la rec\u00edproca anulaci\u00f3n del otro\u2013 es<\/span><\/span><span><span lang=\"ES-CO\"> <\/span><\/span><span><span lang=\"ES-CO\">el testimonio defini<\/span><\/span><span><span lang=\"ES-CO\">\u00adtivo, afirma Ren\u00e9 Girard en esta obra, de que la \u00abviolencia mim\u00e9tica\u00bb es la ley <\/span><\/span><span><span lang=\"ES-CO\">que rige las relaciones humanas. Una ley que encontr\u00f3 su formulaci\u00f3n m\u00e1s<\/span><\/span><span><span lang=\"ES-CO\"> <\/span><\/span><span><span lang=\"ES-CO\">radical en el tratado sobre la guerra redactado por Carl von Clausewitz. De esa<\/span><\/span><span><span lang=\"ES-CO\"> <\/span><\/span><span><span lang=\"ES-CO\">obra, los cr\u00edticos retuvieron un axioma esencial: \u00abLa guerra es la continuaci\u00f3n<\/span><\/span><span><span lang=\"ES-CO\"> de la pol\u00edtica por otros medios\u00bb; pero al llevar a Clausewitz hasta el extremo, <\/span><\/span><span><span lang=\"ES-CO\">Girard muestra c\u00f3mo, lejos de contener la violencia, la pol\u00edtica corre detr\u00e1s de<\/span><\/span><span><span lang=\"ES-CO\"> <\/span><\/span><span><span lang=\"ES-CO\">la guerra: los medios de la guerra se han convertido en fines.<\/span><\/span><span><span lang=\"ES-CO\"> <\/span><\/span><span><span><\/p>\n<p><\/span><\/span><\/div>\n","protected":false},"excerpt":{"rendered":"<p>Clausewitz en los extremos Girard, Ren\u00e9, 1923- Clausewitz en los extremos : pol\u00edtica, guerra y apocalipsis. Conversaciones con Benoit Chantre. Buenos Aires : Katz, 2010. Solicitar por: V 35 B449 Comentario Nuestra \u00e9poca \u2013un tiempo de hostilidad total e impredecible, en el que los adversarios aspiran a la rec\u00edproca anulaci\u00f3n del otro\u2013 es el testimonio &hellip; <a href=\"https:\/\/blogs.unc.edu.ar\/novedadesbm\/2012\/11\/15\/girard-rene\/\" class=\"more-link\">Seguir leyendo <span class=\"screen-reader-text\">Girard, Ren\u00e9<\/span> <span class=\"meta-nav\">&rarr;<\/span><\/a><\/p>\n","protected":false},"author":41,"featured_media":0,"comment_status":"open","ping_status":"open","sticky":false,"template":"","format":"standard","meta":{"_jetpack_memberships_contains_paid_content":false,"footnotes":""},"categories":[7133],"tags":[],"class_list":["post-65","post","type-post","status-publish","format-standard","hentry","category-filosofia"],"jetpack_featured_media_url":"","jetpack_sharing_enabled":true,"_links":{"self":[{"href":"https:\/\/blogs.unc.edu.ar\/novedadesbm\/wp-json\/wp\/v2\/posts\/65","targetHints":{"allow":["GET"]}}],"collection":[{"href":"https:\/\/blogs.unc.edu.ar\/novedadesbm\/wp-json\/wp\/v2\/posts"}],"about":[{"href":"https:\/\/blogs.unc.edu.ar\/novedadesbm\/wp-json\/wp\/v2\/types\/post"}],"author":[{"embeddable":true,"href":"https:\/\/blogs.unc.edu.ar\/novedadesbm\/wp-json\/wp\/v2\/users\/41"}],"replies":[{"embeddable":true,"href":"https:\/\/blogs.unc.edu.ar\/novedadesbm\/wp-json\/wp\/v2\/comments?post=65"}],"version-history":[{"count":0,"href":"https:\/\/blogs.unc.edu.ar\/novedadesbm\/wp-json\/wp\/v2\/posts\/65\/revisions"}],"wp:attachment":[{"href":"https:\/\/blogs.unc.edu.ar\/novedadesbm\/wp-json\/wp\/v2\/media?parent=65"}],"wp:term":[{"taxonomy":"category","embeddable":true,"href":"https:\/\/blogs.unc.edu.ar\/novedadesbm\/wp-json\/wp\/v2\/categories?post=65"},{"taxonomy":"post_tag","embeddable":true,"href":"https:\/\/blogs.unc.edu.ar\/novedadesbm\/wp-json\/wp\/v2\/tags?post=65"}],"curies":[{"name":"wp","href":"https:\/\/api.w.org\/{rel}","templated":true}]}}