{"id":63,"date":"2012-11-15T17:02:00","date_gmt":"2012-11-15T17:02:00","guid":{"rendered":"https:\/\/blogs.unc.edu.ar\/novedadesbm\/2012\/11\/15\/ortega-pena-rodolfo\/"},"modified":"2012-11-15T17:02:00","modified_gmt":"2012-11-15T17:02:00","slug":"ortega-pena-rodolfo","status":"publish","type":"post","link":"https:\/\/blogs.unc.edu.ar\/novedadesbm\/2012\/11\/15\/ortega-pena-rodolfo\/","title":{"rendered":"Ortega Pe\u00f1a, Rodolfo"},"content":{"rendered":"<div><span>Facundo<\/span><\/div>\n<div><span><br \/><\/span><\/div>\n<div><a href=\"http:\/\/4.bp.blogspot.com\/-W3sZy1DC-m8\/UKUfsQsqGjI\/AAAAAAAAAWc\/Zn-bxPLcS-E\/s1600\/FACUNDO.jpg\"><img decoding=\"async\" border=\"0\" src=\"http:\/\/4.bp.blogspot.com\/-W3sZy1DC-m8\/UKUfsQsqGjI\/AAAAAAAAAWc\/Zn-bxPLcS-E\/s1600\/FACUNDO.jpg\"><\/a><\/div>\n<div><span><br \/><\/span><\/div>\n<div><\/div>\n<div><b><span lang=\"ES-CO\">Ortega Pe\u00f1a, Rodolfo, 1935-1974. <br \/><\/span><\/b><span lang=\"ES-CO\">Facundo y la montonera.- Buenos Aires : Ediciones del Pensamiento Nacional, 1999. <\/p>\n<p><\/span><\/div>\n<div><b><span lang=\"ES-CO\">Solicitar por: <\/span><\/b><b><span>V 32 B1852<\/span><\/b><b><span lang=\"ES-CO\"><br \/><!--[if !supportLineBreakNewLine]--><br \/><!--[endif]--><\/span><\/b><b><span lang=\"ES-AR\"><\/p>\n<p><\/span><\/b><\/div>\n<div><span><b><span lang=\"ES-CO\">Comentario<\/p>\n<p><\/span><\/b><\/span><\/div>\n<div><\/div>\n<div><span><i><span lang=\"ES-CO\">Facundo y la montonera <\/span><\/i><\/span><span><span lang=\"ES-CO\">fue publicado por primera vez en 1968. La<\/span><\/span><span><span lang=\"ES-CO\"> dictadura de Ongan\u00eda impuso a sus j\u00f3venes autores un alto en su vida de abogados y militantes pol\u00edticos que aprovecharon para incursionar de manera <span>sostenida y conjunta en la investigaci\u00f3n hist\u00f3rica. El tema, Facundo Quiroga.<\/span> <span>Se trataba justamente de mostrar al \u00abotro\u00bb, repudiado por el relato sarmientino<\/span> y elidido de la historia oficial, de rescatar a las masas de la oscuridad de la <span>barbarie. Bajo la advocaci\u00f3n de la verdad, la historia argentina, hechura de los<\/span> <span>vencedores, escribi\u00f3 solo los nombres de aquellos que contribuyeron al proyecto<\/span> centralizador de Buenos Aires, h\u00e1bilmente despojados de incertidumbres o duplicidades. Caudillaje, masas, gauchaje, proteccionismo&#8230; eran r\u00e9moras de <span>un pasado que hab\u00eda que desterrar, obst\u00e1culos frente al mito del progreso y la<\/span> <span>civilizaci\u00f3n. El riojano de melena tupida y bigote renegrido fue la encarnaci\u00f3n<\/span> <span>del antih\u00e9roe.<\/span><\/p>\n<p><\/span><\/span><\/div>\n<div><span><span lang=\"ES-CO\">Profesionales l\u00facidos y rigurosos, Rodolfo Ortega Pe\u00f1a y Eduardo Luis Duhalde se propusieron superar el revisionismo e inscribir su trabajo en las pautas de cientificidad de la historia moderna: acopiaron y transcribieron una <span>rica documentaci\u00f3n y analizaron exhaustivamente la relaci\u00f3n caudillo\/masas<\/span> <span>y el entramado financiero de las minas de Famatina. No esperaban sin embargo<\/span> <span>que las fuentes hablaran por si solas. Ten\u00edan plena conciencia de que el tiempo<\/span> <span>del historiador integra el tiempo historiado. El producto fue este libro que, a lo<\/span><span>largo de tres d\u00e9cadas, se ha convertido en una referencia obligada para quienes<\/span> se acercan a la singular figura del Tigre de los Llanos.<\/p>\n<p><\/span><\/span><\/div>\n<div><span><span lang=\"ES-CO\">A traici\u00f3n como Facundo, en otro contexto y en 1974, Rodolfo Ortega<\/span><\/span><span><span lang=\"ES-CO\"> <span>Pe\u00f1a fue asesinado por la Triple A. La obra qued\u00f3 cristalizada por decisi\u00f3n de<\/span> <span>su compa\u00f1ero y coautor, Eduardo Luis Duhalde aun cuando \u2013como \u00e9l lo admite<\/span> <span>en el pr\u00f3logo\u2013 ciertos an\u00e1lisis o juicios podr\u00edan revisarse. Narrado desde una<\/span> <span>perspectiva militante, este trabajo recuerda los ineludibles lazos entre historia<\/span> y pol\u00edtica. La escritura de la historia \u2013afirmo M. de Certeau\u2013 permite a la \u00adsociedad darse a s\u00ed misma un presente; hace muertos para que haya vivos, <span>redistribuye el espacio de los posibles. Tal vez la historiograf\u00eda que hoy insiste<\/span> en negarse como pr\u00e1ctica, o se interna en vericuetos irrelevantes y aislados, <span>sea funcional a una \u00e9poca donde la ca\u00edda de los h\u00e9roes ha llevado al olvido de<\/span> <span>todo aquello de lo que eran s\u00edmbolo. Celebramos entonces la reedici\u00f3n de esta<\/span> obra sobre la pol\u00e9mica personalidad de Facundo, cuya vida alent\u00f3 pasiones <span>desbordantes.<\/span><\/p>\n<p><\/span><\/span><\/div>\n<div><\/div>\n","protected":false},"excerpt":{"rendered":"<p>Facundo Ortega Pe\u00f1a, Rodolfo, 1935-1974. Facundo y la montonera.- Buenos Aires : Ediciones del Pensamiento Nacional, 1999. Solicitar por: V 32 B1852 Comentario Facundo y la montonera fue publicado por primera vez en 1968. La dictadura de Ongan\u00eda impuso a sus j\u00f3venes autores un alto en su vida de abogados y militantes pol\u00edticos que aprovecharon &hellip; <a href=\"https:\/\/blogs.unc.edu.ar\/novedadesbm\/2012\/11\/15\/ortega-pena-rodolfo\/\" class=\"more-link\">Seguir leyendo <span class=\"screen-reader-text\">Ortega Pe\u00f1a, Rodolfo<\/span> <span class=\"meta-nav\">&rarr;<\/span><\/a><\/p>\n","protected":false},"author":41,"featured_media":0,"comment_status":"open","ping_status":"open","sticky":false,"template":"","format":"standard","meta":{"_jetpack_memberships_contains_paid_content":false,"footnotes":""},"categories":[6817],"tags":[],"class_list":["post-63","post","type-post","status-publish","format-standard","hentry","category-politica"],"jetpack_featured_media_url":"","jetpack_sharing_enabled":true,"_links":{"self":[{"href":"https:\/\/blogs.unc.edu.ar\/novedadesbm\/wp-json\/wp\/v2\/posts\/63","targetHints":{"allow":["GET"]}}],"collection":[{"href":"https:\/\/blogs.unc.edu.ar\/novedadesbm\/wp-json\/wp\/v2\/posts"}],"about":[{"href":"https:\/\/blogs.unc.edu.ar\/novedadesbm\/wp-json\/wp\/v2\/types\/post"}],"author":[{"embeddable":true,"href":"https:\/\/blogs.unc.edu.ar\/novedadesbm\/wp-json\/wp\/v2\/users\/41"}],"replies":[{"embeddable":true,"href":"https:\/\/blogs.unc.edu.ar\/novedadesbm\/wp-json\/wp\/v2\/comments?post=63"}],"version-history":[{"count":0,"href":"https:\/\/blogs.unc.edu.ar\/novedadesbm\/wp-json\/wp\/v2\/posts\/63\/revisions"}],"wp:attachment":[{"href":"https:\/\/blogs.unc.edu.ar\/novedadesbm\/wp-json\/wp\/v2\/media?parent=63"}],"wp:term":[{"taxonomy":"category","embeddable":true,"href":"https:\/\/blogs.unc.edu.ar\/novedadesbm\/wp-json\/wp\/v2\/categories?post=63"},{"taxonomy":"post_tag","embeddable":true,"href":"https:\/\/blogs.unc.edu.ar\/novedadesbm\/wp-json\/wp\/v2\/tags?post=63"}],"curies":[{"name":"wp","href":"https:\/\/api.w.org\/{rel}","templated":true}]}}