{"id":60,"date":"2012-12-12T16:35:00","date_gmt":"2012-12-12T16:35:00","guid":{"rendered":"https:\/\/blogs.unc.edu.ar\/novedadesbm\/2012\/12\/12\/caras-y-caretas-3\/"},"modified":"2012-12-12T16:35:00","modified_gmt":"2012-12-12T16:35:00","slug":"caras-y-caretas-3","status":"publish","type":"post","link":"https:\/\/blogs.unc.edu.ar\/novedadesbm\/2012\/12\/12\/caras-y-caretas-3\/","title":{"rendered":"Caras y caretas"},"content":{"rendered":"<div><a href=\"http:\/\/4.bp.blogspot.com\/-hSoTUqPv-9o\/UMiyQ0pRgsI\/AAAAAAAAAXE\/RQDVh4-L9n0\/s1600\/caras-y-caretas-blog.jpg\"><img loading=\"lazy\" decoding=\"async\" border=\"0\" height=\"320\" src=\"http:\/\/4.bp.blogspot.com\/-hSoTUqPv-9o\/UMiyQ0pRgsI\/AAAAAAAAAXE\/RQDVh4-L9n0\/s320\/caras-y-caretas-blog.jpg\" width=\"232\"><\/a><\/div>\n<div><\/div>\n<div><\/div>\n<div><b><span lang=\"ES\">Caras y caretas<\/span><\/b><span lang=\"ES\"> : la revista de la patria. &#8211; Buenos Aires : Centro Cultural Caras y Caretas. <span>a\u00f1o 51, no. 2274-2275 (2012)<\/p>\n<p><\/span><\/span><\/div>\n<div><span><b><span lang=\"ES\">Solicitar por: H 1894<\/p>\n<p><\/span><\/b><\/span><\/div>\n<div><\/div>\n<div><b><span lang=\"ES-AR\">En este n\u00famero<\/span><\/b><span lang=\"ES-AR\"><\/p>\n<p><\/span><\/div>\n<div><u><span lang=\"ES-AR\">\u00daLTIMOS D\u00cdAS DE LAS V\u00cdCTIMAS<\/p>\n<p><\/span><\/u><\/div>\n<div><span lang=\"ES-AR\">En los \u00faltimos a\u00f1os se tendi\u00f3 a ampliar los derechos de las mujeres, y la pata principal de esa pol\u00edtica es la erradicaci\u00f3n y la prevenci\u00f3n de la violencia de g\u00e9nero, en reconocimiento de que es el delito m\u00e1s com\u00fan pero el menos castigado.<\/p>\n<p><\/span><\/div>\n","protected":false},"excerpt":{"rendered":"<p>Caras y caretas : la revista de la patria. &#8211; Buenos Aires : Centro Cultural Caras y Caretas. a\u00f1o 51, no. 2274-2275 (2012) Solicitar por: H 1894 En este n\u00famero \u00daLTIMOS D\u00cdAS DE LAS V\u00cdCTIMAS En los \u00faltimos a\u00f1os se tendi\u00f3 a ampliar los derechos de las mujeres, y la pata principal de esa pol\u00edtica &hellip; <a href=\"https:\/\/blogs.unc.edu.ar\/novedadesbm\/2012\/12\/12\/caras-y-caretas-3\/\" class=\"more-link\">Seguir leyendo <span class=\"screen-reader-text\">Caras y caretas<\/span> <span class=\"meta-nav\">&rarr;<\/span><\/a><\/p>\n","protected":false},"author":41,"featured_media":0,"comment_status":"open","ping_status":"open","sticky":false,"template":"","format":"standard","meta":{"_jetpack_memberships_contains_paid_content":false,"footnotes":""},"categories":[6601],"tags":[],"class_list":["post-60","post","type-post","status-publish","format-standard","hentry","category-centro-de-documentacion"],"jetpack_featured_media_url":"","jetpack_sharing_enabled":true,"_links":{"self":[{"href":"https:\/\/blogs.unc.edu.ar\/novedadesbm\/wp-json\/wp\/v2\/posts\/60","targetHints":{"allow":["GET"]}}],"collection":[{"href":"https:\/\/blogs.unc.edu.ar\/novedadesbm\/wp-json\/wp\/v2\/posts"}],"about":[{"href":"https:\/\/blogs.unc.edu.ar\/novedadesbm\/wp-json\/wp\/v2\/types\/post"}],"author":[{"embeddable":true,"href":"https:\/\/blogs.unc.edu.ar\/novedadesbm\/wp-json\/wp\/v2\/users\/41"}],"replies":[{"embeddable":true,"href":"https:\/\/blogs.unc.edu.ar\/novedadesbm\/wp-json\/wp\/v2\/comments?post=60"}],"version-history":[{"count":0,"href":"https:\/\/blogs.unc.edu.ar\/novedadesbm\/wp-json\/wp\/v2\/posts\/60\/revisions"}],"wp:attachment":[{"href":"https:\/\/blogs.unc.edu.ar\/novedadesbm\/wp-json\/wp\/v2\/media?parent=60"}],"wp:term":[{"taxonomy":"category","embeddable":true,"href":"https:\/\/blogs.unc.edu.ar\/novedadesbm\/wp-json\/wp\/v2\/categories?post=60"},{"taxonomy":"post_tag","embeddable":true,"href":"https:\/\/blogs.unc.edu.ar\/novedadesbm\/wp-json\/wp\/v2\/tags?post=60"}],"curies":[{"name":"wp","href":"https:\/\/api.w.org\/{rel}","templated":true}]}}