{"id":27,"date":"2013-05-23T12:40:00","date_gmt":"2013-05-23T12:40:00","guid":{"rendered":"https:\/\/blogs.unc.edu.ar\/novedadesbm\/2013\/05\/23\/lazara-simon-alberto\/"},"modified":"2013-05-23T12:40:00","modified_gmt":"2013-05-23T12:40:00","slug":"lazara-simon-alberto","status":"publish","type":"post","link":"https:\/\/blogs.unc.edu.ar\/novedadesbm\/2013\/05\/23\/lazara-simon-alberto\/","title":{"rendered":"L\u00e1zara, Sim\u00f3n Alberto"},"content":{"rendered":"<div><span>El asalto al poder<\/span><\/div>\n<div><span><br \/><\/span><\/div>\n<div><a href=\"http:\/\/4.bp.blogspot.com\/-bVnY3Ncj7y4\/UZ4N9eddwFI\/AAAAAAAAAek\/a5gEFWS2InU\/s1600\/ASALTO.jpg\"><img decoding=\"async\" border=\"0\" src=\"http:\/\/4.bp.blogspot.com\/-bVnY3Ncj7y4\/UZ4N9eddwFI\/AAAAAAAAAek\/a5gEFWS2InU\/s1600\/ASALTO.jpg\"><\/a><\/div>\n<div><span><br \/><\/span><\/div>\n<div><\/div>\n<div><span><b><span lang=\"ES-CO\">L\u00e1zara, Sim\u00f3n Alberto, 1941-2000. <br \/><\/span><\/b><span lang=\"ES-CO\">El asalto al poder : actores e intereses en la crisis argentina del &#8217;89. \u00a0Buenos Aires : Tiempo de Ideas, 1997.<\/p>\n<p><\/span><\/span><\/div>\n<div><span><b><span lang=\"ES-CO\">Solicitar por: <\/span><\/b><b><span>V 32 B1671<\/span><\/b><b><span lang=\"ES-CO\"><\/p>\n<p><\/span><\/b><\/span><\/div>\n<div><\/div>\n<div><span><b><span lang=\"ES-AR\">Comentario<\/span><\/b><span lang=\"ES-AR\"><\/p>\n<p><\/span><\/span><\/div>\n<div><span><span><b><span lang=\"ES-CO\">Simon L\u00e1zara. <\/span><\/b><\/span><span><span lang=\"ES-CO\">Fue concejal de la Ciudad de<\/span><\/span><span><span lang=\"ES-CO\"> <\/span><\/span><span><span lang=\"ES-CO\">Buenos Aires (1973-1976) y diputado de la<\/span><\/span><span><span lang=\"ES-CO\"> <\/span><\/span><span><span lang=\"ES-CO\">Naci\u00f3n (1987-1991). Miembro de la Asamblea<\/span><\/span><span><span lang=\"ES-CO\"> <\/span><\/span><span><span lang=\"ES-CO\">Permanente por los Derechos Humanos,<\/span><\/span><span><span lang=\"ES-CO\"> <\/span><\/span><span><span lang=\"ES-CO\">ocupa una de sus vicepresidencias. Ha sido<\/span><\/span><span><span lang=\"ES-CO\"> vocero del ex presidente Ra\u00fal Alfons\u00edn (1993\u00ad-<\/span><\/span><span><span lang=\"ES-CO\">1995) y actualmente ocupa la Secretar\u00eda de<\/span><\/span><span><span lang=\"ES-CO\"> <\/span><\/span><span><span lang=\"ES-CO\">Derechos Humanos del gabinete de Ia Uni\u00f3n<\/span><\/span><span><span lang=\"ES-CO\"> <\/span><\/span><span><span lang=\"ES-CO\">C\u00edvica Radical.<\/span><\/span><span><span lang=\"ES-CO\"><\/p>\n<p><\/span><\/span><\/span><\/div>\n<div><span><span><span lang=\"ES-CO\">Es autor de numerosos folletos y particip\u00f3<\/span><\/span><span><span lang=\"ES-CO\"> <\/span><\/span><span><span lang=\"ES-CO\">en diversas publicaciones colectivas sobre<\/span><\/span><span><span lang=\"ES-CO\"> <\/span><\/span><span><span lang=\"ES-CO\">temas de derechos humanos. Entre sus libros<\/span><\/span><span><span lang=\"ES-CO\"> <\/span><\/span><span><span lang=\"ES-CO\">anteriores se cuentan \u00abCensura y dependencia\u00bb<\/span><\/span><span><span lang=\"ES-CO\"> <\/span><\/span><span><span lang=\"ES-CO\">(1974), \u00abRosismo y antirrosismo: visi\u00f3n de Ia<\/span><\/span><span><span lang=\"ES-CO\"> <\/span><\/span><span><span lang=\"ES-CO\">historia\u00bb (1975), \u00abLa doctrina de Ia seguridad<\/span><\/span><span><span lang=\"ES-CO\">nacional\u00bb (1981), \u00abPropuesta socialista frente <\/span><\/span><span><span lang=\"ES-CO\">a Ia crisis argentina\u00bb (1982), \u00abPoder militar.<\/span><\/span><span><span lang=\"ES-CO\"> <\/span><\/span><span><span lang=\"ES-CO\">Origen, apogeo y transici\u00f3n\u00bb (1988).<\/span><\/span><span><span lang=\"ES-CO\"><\/p>\n<p><\/span><\/span><\/span><\/div>\n<div><span><span><b><span lang=\"ES-CO\">\u00abEl asalto al poder\u00bb <\/span><\/b><\/span><span><span lang=\"ES-CO\">es un libro que analiza <\/span><\/span><span><span lang=\"ES-CO\">las causas nacionales e internacionales y los <\/span><\/span><span><span lang=\"ES-CO\">acontecimientos del primer semestre de 1989,<\/span><\/span><span><span lang=\"ES-CO\"> <\/span><\/span><span><span lang=\"ES-CO\">que culminaron con la asunci\u00f3n anticipada de<\/span><\/span><span><span lang=\"ES-CO\"> <\/span><\/span><span><span lang=\"ES-CO\">Carlos Menem al gobierno de Ia Argentina,<\/span><\/span><span><span lang=\"ES-CO\"> <\/span><\/span><span><span lang=\"ES-CO\">as\u00ed como la instalaci\u00f3n del modelo econ\u00f3mico<\/span><\/span><span><span lang=\"ES-CO\"> <\/span><\/span><span><span lang=\"ES-CO\">neoliberal, pasando revista a los problemas y<\/span><\/span><span><span lang=\"ES-CO\"> <\/span><\/span><span><span lang=\"ES-CO\">conflictos del gobierno de Ra\u00fal\u00a0 Alfons\u00edn.<\/span><\/span><span><span lang=\"ES-CO\"><\/p>\n<p><\/span><\/span><\/span><\/div>\n<div><span><span><span lang=\"ES-CO\">\u00abComo protagonista privilegiado de la acci\u00f3n<\/span><\/span><span><span lang=\"ES-CO\"> <\/span><\/span><span><span lang=\"ES-CO\">pol\u00edtica de las Ciltimas decadas, nos ofrece un<\/span><\/span><span><span lang=\"ES-CO\"> <\/span><\/span><span><span lang=\"ES-CO\">libro rigurosamente documentado, no solo<\/span><\/span><span><span lang=\"ES-CO\"> <\/span><\/span><span><span lang=\"ES-CO\">de arbalisis y opinion. Valioso para Ia reflexiOn<\/span><\/span><span><span lang=\"ES-CO\"> <\/span><\/span><span><span lang=\"ES-CO\">y el debate acerca de como fue el momento<\/span><\/span><span><span lang=\"ES-CO\"> <\/span><\/span><span><span lang=\"ES-CO\">critic\u00b0 de la transiciOn democr.atica en nuestro<\/span><\/span><span><span lang=\"ES-CO\"> <\/span><\/span><span><span lang=\"ES-CO\">pals, es al mismo tiempo un aporte teOrico<\/span><\/span><span><span lang=\"ES-CO\"><\/p>\n<p><\/span><\/span><\/span><\/div>\n<div><span><span><span lang=\"ES-CO\">para definir estrategias en el campo progresista.<\/span><\/span><span><span lang=\"ES-CO\"> <\/span><\/span><span><span lang=\"ES-CO\">Mira hacia el pasado reciente con una mirada<\/span><\/span><span><span lang=\"ES-CO\"> <\/span><\/span><span><span lang=\"ES-CO\">que no excluye Ia critica, pero sus conclusiones<\/span><\/span><span><span lang=\"ES-CO\"> <\/span><\/span><span><span lang=\"ES-CO\">permiten pensar en el futuro&#8230; Lkara setiala<\/span><\/span><span><span lang=\"ES-CO\"> <\/span><\/span><span><span lang=\"ES-CO\">responsabilidades, incluidas las que considera<\/span><\/span><span><span lang=\"ES-CO\"> <\/span><\/span><span><span lang=\"ES-CO\">propias de mi gobierno, pero marca a fuego el<\/span><\/span><span><span lang=\"ES-CO\"> <\/span><\/span><span><span lang=\"ES-CO\">juego de los factores que determinaron y aCin<\/span><\/span><span><span lang=\"ES-CO\"> <\/span><\/span><span><span lang=\"ES-CO\">impulsaron \u2014en la dificil etapa de Ia transiciOn<\/span><\/span><span><span lang=\"ES-CO\"> <\/span><\/span><span><span lang=\"ES-CO\">democr6tica\u2014 las crisis econOmica y militar,<\/span><\/span><span><span lang=\"ES-CO\"> <\/span><\/span><span><span lang=\"ES-CO\">como algo mucho rthis complejo que las simples<\/span><\/span><span><span lang=\"ES-CO\"> <\/span><\/span><span><span lang=\"ES-CO\">limitaciones, o aun errores, de nuestra gestiOn.\u00bb<\/span><\/span><span><span lang=\"ES-CO\"><\/p>\n<p><\/span><\/span><\/span><\/div>\n<div><span><span lang=\"ES-CO\"><span>(Del pr\u00f3logo de Ra\u00fal Alfons\u00edn)<\/span><\/span><\/span><span><span lang=\"ES-CO\"><\/p>\n<p><\/span><\/span><\/div>\n","protected":false},"excerpt":{"rendered":"<p>El asalto al poder L\u00e1zara, Sim\u00f3n Alberto, 1941-2000. El asalto al poder : actores e intereses en la crisis argentina del &#8217;89. \u00a0Buenos Aires : Tiempo de Ideas, 1997. Solicitar por: V 32 B1671 Comentario Simon L\u00e1zara. Fue concejal de la Ciudad de Buenos Aires (1973-1976) y diputado de la Naci\u00f3n (1987-1991). Miembro de la &hellip; <a href=\"https:\/\/blogs.unc.edu.ar\/novedadesbm\/2013\/05\/23\/lazara-simon-alberto\/\" class=\"more-link\">Seguir leyendo <span class=\"screen-reader-text\">L\u00e1zara, Sim\u00f3n Alberto<\/span> <span class=\"meta-nav\">&rarr;<\/span><\/a><\/p>\n","protected":false},"author":41,"featured_media":0,"comment_status":"open","ping_status":"open","sticky":false,"template":"","format":"standard","meta":{"_jetpack_memberships_contains_paid_content":false,"footnotes":""},"categories":[7620],"tags":[],"class_list":["post-27","post","type-post","status-publish","format-standard","hentry","category-pasiones-politicas"],"jetpack_featured_media_url":"","jetpack_sharing_enabled":true,"_links":{"self":[{"href":"https:\/\/blogs.unc.edu.ar\/novedadesbm\/wp-json\/wp\/v2\/posts\/27","targetHints":{"allow":["GET"]}}],"collection":[{"href":"https:\/\/blogs.unc.edu.ar\/novedadesbm\/wp-json\/wp\/v2\/posts"}],"about":[{"href":"https:\/\/blogs.unc.edu.ar\/novedadesbm\/wp-json\/wp\/v2\/types\/post"}],"author":[{"embeddable":true,"href":"https:\/\/blogs.unc.edu.ar\/novedadesbm\/wp-json\/wp\/v2\/users\/41"}],"replies":[{"embeddable":true,"href":"https:\/\/blogs.unc.edu.ar\/novedadesbm\/wp-json\/wp\/v2\/comments?post=27"}],"version-history":[{"count":0,"href":"https:\/\/blogs.unc.edu.ar\/novedadesbm\/wp-json\/wp\/v2\/posts\/27\/revisions"}],"wp:attachment":[{"href":"https:\/\/blogs.unc.edu.ar\/novedadesbm\/wp-json\/wp\/v2\/media?parent=27"}],"wp:term":[{"taxonomy":"category","embeddable":true,"href":"https:\/\/blogs.unc.edu.ar\/novedadesbm\/wp-json\/wp\/v2\/categories?post=27"},{"taxonomy":"post_tag","embeddable":true,"href":"https:\/\/blogs.unc.edu.ar\/novedadesbm\/wp-json\/wp\/v2\/tags?post=27"}],"curies":[{"name":"wp","href":"https:\/\/api.w.org\/{rel}","templated":true}]}}