{"id":24,"date":"2013-05-23T13:00:00","date_gmt":"2013-05-23T13:00:00","guid":{"rendered":"https:\/\/blogs.unc.edu.ar\/novedadesbm\/2013\/05\/23\/grecco-jorge\/"},"modified":"2013-05-23T13:00:00","modified_gmt":"2013-05-23T13:00:00","slug":"grecco-jorge","status":"publish","type":"post","link":"https:\/\/blogs.unc.edu.ar\/novedadesbm\/2013\/05\/23\/grecco-jorge\/","title":{"rendered":"Grecco, Jorge"},"content":{"rendered":"<div><span>Felices pascuas!<\/span><\/div>\n<div><span><br \/><\/span><\/div>\n<div><a href=\"http:\/\/4.bp.blogspot.com\/-EQuxvVM3rGg\/UZ4Sy-VlLZI\/AAAAAAAAAfE\/tx3ZzBbV1xM\/s1600\/FELICES-PASCUAS.jpg\"><img decoding=\"async\" border=\"0\" src=\"http:\/\/4.bp.blogspot.com\/-EQuxvVM3rGg\/UZ4Sy-VlLZI\/AAAAAAAAAfE\/tx3ZzBbV1xM\/s1600\/FELICES-PASCUAS.jpg\"><\/a><\/div>\n<div><span><br \/><\/span><\/div>\n<div><\/div>\n<div><b><span lang=\"ES-CO\">Grecco, Jorge <br \/><\/span><\/b><span lang=\"ES-CO\">Felices pascuas! : los hechos in\u00e9ditos de la rebeli\u00f3n militar. &#8211; Buenos Aires : Planeta, 1988. <\/p>\n<p><\/span><\/div>\n<div><b><span lang=\"ES-CO\">Solicitar por: V 32 B1618<\/p>\n<p><\/span><\/b><\/div>\n<div><\/div>\n<div><b><span lang=\"ES-CO\">(De la contratapa)<\/p>\n<p><\/span><\/b><\/div>\n<div><span><span lang=\"ES-CO\">Durante la Semana Santa de 1987 un grupo de milita<\/span><\/span><span><span lang=\"ES-CO\">r<\/span><\/span><span><span lang=\"ES-CO\">es de<\/span><\/span><span><span lang=\"ES-CO\"> <\/span><\/span><span><span lang=\"ES-CO\">rango medio se rebel\u00f3 a sus mandos naturales. Por cuatro d\u00edas con<\/span><\/span><span><span lang=\"ES-CO\">\u00ad<\/span><\/span><span><span lang=\"ES-CO\">secutivos tuvieron en<\/span><\/span><span><span lang=\"ES-CO\"> <\/span><\/span><span><span lang=\"ES-CO\">vilo a una sociedad que respondi\u00f3 masivamen<\/span><\/span><span><span lang=\"ES-CO\">\u00ad<\/span><\/span><span><span lang=\"ES-CO\">te, y el propio Presidente de la Naci\u00f3n concurri\u00f3 al principal foco<\/span><\/span><span><span lang=\"ES-CO\"> <\/span><\/span><span><span lang=\"ES-CO\">rebelde para parlamentar con los autoacuartelados. Diez meses<\/span><\/span><span><span lang=\"ES-CO\"> <\/span><\/span><span><span lang=\"ES-CO\">transcurrieron entre afirmaciones y desmentidas, hasta que en ene<\/span><\/span><span><span lang=\"ES-CO\">\u00ad<\/span><\/span><span><span lang=\"ES-CO\">ro del &#8217;88 Ado Rico y sus carapintadas reaparecieron arguyendo<\/span><\/span><span><span lang=\"ES-CO\"> <\/span><\/span><span><span lang=\"ES-CO\">que los acuerdos de Pascuas ro hab\u00edan sido cumplidos.<\/span><\/span><span><span lang=\"ES-CO\"><\/p>\n<p><\/span><\/span><\/div>\n<div><span><span lang=\"ES-CO\">Pero \u00bfqu\u00e9 sucedi\u00f3 realmente en esas 100 horas de abril que<\/span><\/span><span><span lang=\"ES-CO\"> <\/span><\/span><span><span lang=\"ES-CO\">conmovieron al pa\u00eds? Hubo negociaciones o no? \u00bfQu\u00e9 quer\u00edan los<\/span><\/span><span><span lang=\"ES-CO\"> <\/span><\/span><span><span lang=\"ES-CO\">insurrectos? \u00bfQu\u00e9 les ofrecieron? \u00bfQui\u00e9nes eran los leales y qui<\/span><\/span><span><span lang=\"ES-CO\">\u00e9<\/span><\/span><span><span lang=\"ES-CO\">nes los rebeldes? \u00bfC\u00f3mo se prepar\u00f3 el levantamiento?<\/span><\/span><span><span lang=\"ES-CO\"><\/p>\n<p><\/span><\/span><\/div>\n<div><span lang=\"ES-CO\">Los interrogantes se multiplican. \u00bfPor qu\u00e9 Rico organiz\u00f3 la se<span>guridad de Alfons\u00edn en Campo de Mayo? \u00bfPor qu\u00e9 se entreg\u00f3 la Es<\/span><span><span>cuela de Infanter\u00eda sin ofrecer resistencia? \u00bfPor qu\u00e9 pol\u00edticos y<\/span><\/span><span><span> <\/span><\/span><span><span>militares ocultaron elementos de prueba a la justicia? \u00bfCu\u00e1l fue el<\/span><\/span><span><span> <\/span><\/span><span>verdadero papel de la Iglesia, de los sindicatos y de los empresarios?<\/span><span><span> <\/span><\/span><span><span>\u00bfC\u00f3mo actuaron la Fuerza A\u00e9rea y la Marina? \u00bfQu\u00e9 dijo y qu\u00e9 ca<\/span><\/span><span><span>ll\u00f3<\/span><\/span><span> la informaci\u00f3n oficial?<\/span><span><span><\/p>\n<p><\/span><\/span><\/span><\/div>\n<div><span><span lang=\"ES-CO\">Las preguntas tienen respuesta. En<\/span><\/span><span><span lang=\"ES-CO\"> <\/span><\/span><span><i><span lang=\"ES-CO\">Felices Pascuas <\/span><\/i><\/span><span><span lang=\"ES-CO\">se logra in<\/span><\/span><span><span lang=\"ES-CO\">\u00ad<\/span><\/span><span><span lang=\"ES-CO\">gresar por fin a la trastienda de uno de los acontecimientos m\u00e1s<\/span><\/span><span><span lang=\"ES-CO\"> <\/span><\/span><span><span lang=\"ES-CO\">importante de los \u00daltimos a\u00f1os, cuando la sombra de una guerra<\/span><\/span><span><span lang=\"ES-CO\"> <\/span><\/span><span><span lang=\"ES-CO\">civil se pos\u00f3 sobre 30 millones de argentinos, donde el pasado de<\/span><\/span><span><span lang=\"ES-CO\">m<\/span><\/span><span><span lang=\"ES-CO\">ostr\u00f3 que a\u00fan estaba presente.<\/span><\/span><span><span lang=\"ES-CO\"><\/p>\n<p><\/span><\/span><\/div>\n","protected":false},"excerpt":{"rendered":"<p>Felices pascuas! Grecco, Jorge Felices pascuas! : los hechos in\u00e9ditos de la rebeli\u00f3n militar. &#8211; Buenos Aires : Planeta, 1988. Solicitar por: V 32 B1618 (De la contratapa) Durante la Semana Santa de 1987 un grupo de militares de rango medio se rebel\u00f3 a sus mandos naturales. Por cuatro d\u00edas con\u00adsecutivos tuvieron en vilo a &hellip; <a href=\"https:\/\/blogs.unc.edu.ar\/novedadesbm\/2013\/05\/23\/grecco-jorge\/\" class=\"more-link\">Seguir leyendo <span class=\"screen-reader-text\">Grecco, Jorge<\/span> <span class=\"meta-nav\">&rarr;<\/span><\/a><\/p>\n","protected":false},"author":41,"featured_media":0,"comment_status":"open","ping_status":"open","sticky":false,"template":"","format":"standard","meta":{"_jetpack_memberships_contains_paid_content":false,"footnotes":""},"categories":[7620],"tags":[],"class_list":["post-24","post","type-post","status-publish","format-standard","hentry","category-pasiones-politicas"],"jetpack_featured_media_url":"","jetpack_sharing_enabled":true,"_links":{"self":[{"href":"https:\/\/blogs.unc.edu.ar\/novedadesbm\/wp-json\/wp\/v2\/posts\/24","targetHints":{"allow":["GET"]}}],"collection":[{"href":"https:\/\/blogs.unc.edu.ar\/novedadesbm\/wp-json\/wp\/v2\/posts"}],"about":[{"href":"https:\/\/blogs.unc.edu.ar\/novedadesbm\/wp-json\/wp\/v2\/types\/post"}],"author":[{"embeddable":true,"href":"https:\/\/blogs.unc.edu.ar\/novedadesbm\/wp-json\/wp\/v2\/users\/41"}],"replies":[{"embeddable":true,"href":"https:\/\/blogs.unc.edu.ar\/novedadesbm\/wp-json\/wp\/v2\/comments?post=24"}],"version-history":[{"count":0,"href":"https:\/\/blogs.unc.edu.ar\/novedadesbm\/wp-json\/wp\/v2\/posts\/24\/revisions"}],"wp:attachment":[{"href":"https:\/\/blogs.unc.edu.ar\/novedadesbm\/wp-json\/wp\/v2\/media?parent=24"}],"wp:term":[{"taxonomy":"category","embeddable":true,"href":"https:\/\/blogs.unc.edu.ar\/novedadesbm\/wp-json\/wp\/v2\/categories?post=24"},{"taxonomy":"post_tag","embeddable":true,"href":"https:\/\/blogs.unc.edu.ar\/novedadesbm\/wp-json\/wp\/v2\/tags?post=24"}],"curies":[{"name":"wp","href":"https:\/\/api.w.org\/{rel}","templated":true}]}}