{"id":20,"date":"2013-05-24T12:37:00","date_gmt":"2013-05-24T12:37:00","guid":{"rendered":"https:\/\/blogs.unc.edu.ar\/novedadesbm\/2013\/05\/24\/podra-sobrevivir-el-plan-austral\/"},"modified":"2013-05-24T12:37:00","modified_gmt":"2013-05-24T12:37:00","slug":"podra-sobrevivir-el-plan-austral","status":"publish","type":"post","link":"https:\/\/blogs.unc.edu.ar\/novedadesbm\/2013\/05\/24\/podra-sobrevivir-el-plan-austral\/","title":{"rendered":"Podr\u00e1 sobrevivir el Plan Austral?"},"content":{"rendered":"<div><a href=\"http:\/\/2.bp.blogspot.com\/-rb_JmPP2cYs\/UZ9e20rkjBI\/AAAAAAAAAf8\/_y1Z6vkLOBs\/s1600\/PLAN-AUSTRAL.jpg\"><img decoding=\"async\" border=\"0\" src=\"http:\/\/2.bp.blogspot.com\/-rb_JmPP2cYs\/UZ9e20rkjBI\/AAAAAAAAAf8\/_y1Z6vkLOBs\/s1600\/PLAN-AUSTRAL.jpg\"><\/a><\/div>\n<div><\/div>\n<div><\/div>\n<div><span><b><span lang=\"ES-CO\">Podr\u00e1 sobrevivir el Plan Austral?<\/span><\/b><span lang=\"ES-CO\"> Guillermo Alchouron &#8230; [et al.] Buenos Aires : Editorial de Belgrano, 1987. <\/span><span lang=\"ES-AR\"><\/p>\n<p><\/span><\/span><\/div>\n<div><span><b><span><span lang=\"ES-AR\">Solicitar por: <\/span><\/span><span lang=\"ES-CO\">V 32 B1643<\/span><\/b><span><span lang=\"ES-CO\"><\/p>\n<p><\/span><\/span><\/span><\/div>\n<div><\/div>\n<div><span><span lang=\"ES-AR\"><span><b>Comentario <\/b><\/p>\n<p><\/span><\/span><\/span><\/div>\n<div><span><span><span lang=\"ES-AR\">\u00a0 \u00bf<\/span><\/span><span><span lang=\"ES-CO\">EI Plan Austral significa un punto de inflexi\u00f3n respecto de la negativa marcha <\/span><\/span><span><span lang=\"ES-CO\">de la econom\u00eda argentina durante a\u00f1os y <\/span><\/span><span><span lang=\"ES-CO\">a\u00f1os? \u00bfO bien s\u00f3lo representa un plan<\/span><\/span><span><span lang=\"ES-CO\"> d<\/span><\/span><span><span lang=\"ES-CO\">e \u00a0estabilizaci\u00f3n m\u00e1s ante la peligrosa<\/span><\/span><span><span lang=\"ES-CO\"> e<\/span><\/span><span><span lang=\"ES-CO\">scalada inflacionaria existente hasta<\/span><\/span><span><span lang=\"ES-CO\"> m<\/span><\/span><span><span lang=\"ES-CO\">ediados de 1985? Estas son las<\/span><\/span><span><span lang=\"ES-CO\"> p<\/span><\/span><span><span lang=\"ES-CO\">reguntas centrales que <\/span><\/span><span lang=\"ES-CO\">intentan responderse a trav\u00e9s de 12<\/span><span lang=\"ES-CO\"> <\/span><span lang=\"ES-CO\">reportajes a importantes <\/span><span><span lang=\"ES-CO\">personalidades del mundo <\/span><\/span><span><span lang=\"ES-CO\">econ\u00f3mico, pol\u00edtico, empresarial y<\/span><\/span><span><span lang=\"ES-CO\"> <\/span><\/span><span><span lang=\"ES-CO\">sindical. La misma viabilidad de los<\/span><\/span><span><span lang=\"ES-CO\"> <\/span><\/span><span><span lang=\"ES-CO\">congelamientos de precios, el supuesto<\/span><\/span><span><span lang=\"ES-CO\"> efecto recesivo que tendr\u00eda el Plan <\/span><\/span><span><span lang=\"ES-CO\">Austral, la importancia del d\u00e9ficit<\/span><\/span><span><span lang=\"ES-CO\"> p\u00fablico como factor generador <\/span><\/span><span><span lang=\"ES-CO\">de inflaci\u00f3n, la resoluci\u00f3n<\/span><\/span><span><span lang=\"ES-CO\"> <\/span><\/span><span><span lang=\"ES-CO\">o no de los conocidos problemas<\/span><\/span><span><span lang=\"ES-CO\"> <\/span><\/span><span><span lang=\"ES-CO\">estructurales que afectan a la<\/span><\/span><span><span lang=\"ES-CO\"> econom\u00eda argentina desde hace <\/span><\/span><span><span lang=\"ES-CO\">d\u00e9cadas, son otras tantas cuestiones<\/span><\/span><span><span lang=\"ES-CO\"> <\/span><\/span><span><span lang=\"ES-CO\">debatidas en estas conversaciones.<\/span><\/span><span><span lang=\"ES-CO\"> <\/span><\/span><span><span lang=\"ES-CO\">Guillermo Alchour\u00f3n, <\/span><\/span><span lang=\"ES-CO\">presidente de la Sociedad Rural <\/span><span lang=\"ES-CO\">Argentina; Roberto Alemann,<\/span><span lang=\"ES-CO\"> <\/span><span lang=\"ES-CO\">ex ministro de Econom\u00eda; <\/span><span><span lang=\"ES-CO\">Oscar Alende, diputado nacional<\/span><\/span><span><span lang=\"ES-CO\"> <\/span><\/span><span><span lang=\"ES-CO\">por el Partido Intransigente; Mar\u00eda<\/span><\/span><span><span lang=\"ES-CO\"> Julia Alsogaray, diputada nacional <\/span><\/span><span><span lang=\"ES-CO\">por la Uni\u00f3n de Centro <\/span><\/span><span><span lang=\"ES-CO\">Democr\u00e1tico; Oscar Camili\u00f3n,\u00a0<\/span><\/span><\/span><span><span lang=\"ES-CO\"><span>ex ministro de Relaciones Exteriores;<\/span><\/span><\/span><span><span lang=\"ES-CO\"><span> Armando Cavalieri, dirigente sindical; Domingo Cavallo, ex presidente del Banco Central; Marcelo Diamand, presidente de la Comisi\u00f3n de Econom\u00eda de la Uni\u00f3n Industrial Argentina; Guido Di Tella, ex secretario de Coordinaci\u00f3n y Programaci\u00f3n Econ\u00f3mica; Enrique Garc\u00eda V\u00e1zquez, ex presidente del Banco Central y Arnaldo Musich, presidente de la Fundaci\u00f3n de Investigaciones Econ\u00f3micas Latinoamericanas, responden en estas entrevistas realizadas por Daniel Naszewski, economista y periodista especializado.<\/span><\/span><\/span><\/div>\n","protected":false},"excerpt":{"rendered":"<p>Podr\u00e1 sobrevivir el Plan Austral? Guillermo Alchouron &#8230; [et al.] Buenos Aires : Editorial de Belgrano, 1987. Solicitar por: V 32 B1643 Comentario \u00a0 \u00bfEI Plan Austral significa un punto de inflexi\u00f3n respecto de la negativa marcha de la econom\u00eda argentina durante a\u00f1os y a\u00f1os? \u00bfO bien s\u00f3lo representa un plan de \u00a0estabilizaci\u00f3n m\u00e1s ante &hellip; <a href=\"https:\/\/blogs.unc.edu.ar\/novedadesbm\/2013\/05\/24\/podra-sobrevivir-el-plan-austral\/\" class=\"more-link\">Seguir leyendo <span class=\"screen-reader-text\">Podr\u00e1 sobrevivir el Plan Austral?<\/span> <span class=\"meta-nav\">&rarr;<\/span><\/a><\/p>\n","protected":false},"author":41,"featured_media":0,"comment_status":"open","ping_status":"open","sticky":false,"template":"","format":"standard","meta":{"_jetpack_memberships_contains_paid_content":false,"footnotes":""},"categories":[7620],"tags":[],"class_list":["post-20","post","type-post","status-publish","format-standard","hentry","category-pasiones-politicas"],"jetpack_featured_media_url":"","jetpack_sharing_enabled":true,"_links":{"self":[{"href":"https:\/\/blogs.unc.edu.ar\/novedadesbm\/wp-json\/wp\/v2\/posts\/20","targetHints":{"allow":["GET"]}}],"collection":[{"href":"https:\/\/blogs.unc.edu.ar\/novedadesbm\/wp-json\/wp\/v2\/posts"}],"about":[{"href":"https:\/\/blogs.unc.edu.ar\/novedadesbm\/wp-json\/wp\/v2\/types\/post"}],"author":[{"embeddable":true,"href":"https:\/\/blogs.unc.edu.ar\/novedadesbm\/wp-json\/wp\/v2\/users\/41"}],"replies":[{"embeddable":true,"href":"https:\/\/blogs.unc.edu.ar\/novedadesbm\/wp-json\/wp\/v2\/comments?post=20"}],"version-history":[{"count":0,"href":"https:\/\/blogs.unc.edu.ar\/novedadesbm\/wp-json\/wp\/v2\/posts\/20\/revisions"}],"wp:attachment":[{"href":"https:\/\/blogs.unc.edu.ar\/novedadesbm\/wp-json\/wp\/v2\/media?parent=20"}],"wp:term":[{"taxonomy":"category","embeddable":true,"href":"https:\/\/blogs.unc.edu.ar\/novedadesbm\/wp-json\/wp\/v2\/categories?post=20"},{"taxonomy":"post_tag","embeddable":true,"href":"https:\/\/blogs.unc.edu.ar\/novedadesbm\/wp-json\/wp\/v2\/tags?post=20"}],"curies":[{"name":"wp","href":"https:\/\/api.w.org\/{rel}","templated":true}]}}