{"id":173,"date":"2011-08-25T13:20:00","date_gmt":"2011-08-25T13:20:00","guid":{"rendered":"https:\/\/blogs.unc.edu.ar\/novedadesbm\/2011\/08\/25\/beck-ulrich\/"},"modified":"2011-08-25T13:20:00","modified_gmt":"2011-08-25T13:20:00","slug":"beck-ulrich","status":"publish","type":"post","link":"https:\/\/blogs.unc.edu.ar\/novedadesbm\/2011\/08\/25\/beck-ulrich\/","title":{"rendered":"Beck, Ulrich"},"content":{"rendered":"<p><\/p>\n<div><span><b>Libertad o Capitalismo<\/b><\/span><\/div>\n<div><span><b><br \/><\/b><\/span><\/div>\n<div><a href=\"http:\/\/3.bp.blogspot.com\/-qdmY1u0UeL4\/TlUQuL7FesI\/AAAAAAAAAAc\/UAg1ymonljQ\/s1600\/BECK-LIBERTAD.jpg\"><img loading=\"lazy\" decoding=\"async\" border=\"0\" height=\"320\" src=\"http:\/\/3.bp.blogspot.com\/-qdmY1u0UeL4\/TlUQuL7FesI\/AAAAAAAAAAc\/UAg1ymonljQ\/s320\/BECK-LIBERTAD.jpg\" width=\"214\"><\/a><\/div>\n<div><span><b><br \/><\/b><\/span><\/div>\n<div><span><b><span><br \/><\/span><\/b><\/span><\/div>\n<div><span><\/span><\/div>\n<div><span><b>Beck, Ulrich, 1944-\u00a0<\/b><\/p>\n<p>Libertad o capitalismo : conversaciones con Johannes Willms. Barcelona : Paid\u00f3s, 2002.<\/p>\n<p><\/span><\/div>\n<div><span><b>Solicitar por: V 30 B789<\/b><\/span><span lang=\"ES-AR\"><\/p>\n<p><\/span><\/div>\n<div><span lang=\"ES-AR\"><\/p>\n<p>\u00a0<\/p>\n<p><\/span>\u00a0<\/div>\n<div><span lang=\"ES-AR\"><b>Comentario<\/b><\/p>\n<p><\/span><\/div>\n<div><span>\u00a0 La situaci\u00f3n intelectual es desoladora. Los muros fronterizos que se levantaron para durar eternamente se est\u00e1n desmoronando. No es\u00a0la Internacional\u00a0de los Trabajadores la que est\u00e1 produciendo este desorden, sino\u00a0la Internacional\u00a0del Capital. Todo lo que es s\u00f3lido se est\u00e1 licuando y evaporando, dijo en sus tiempos un Marx jubiloso. Y \u00bfqu\u00e9 hacen actualmente los intelectuales? Los intelectuales han dejado de pensar.<\/p>\n<p><\/span><\/div>\n<div><span>\u00a0 Los te\u00f3ricos de la posmodernidad, del neoliberalismo y de la teor\u00eda de los sistemas -que, por cierto, se contradicen en todo- anuncian a golpe de trompeta, sentados en el butac\u00f3n de su despacho, el fin de la pol\u00edtica. Y todos siguen este dictado. Todos, pero no la realidad. Es algo verdaderamente parad\u00f3jico: dar\u00edan ganas de echarse a re\u00edr si no fuera tan grave. Este enamoramiento de los propios l\u00edmites mentales, que por si fuera poco pretende imponerse te\u00f3ricamente y erigirse en guardi\u00e1n de la verdadera ciencia, es algo que me saca de quicio y me deja sin voz al mismo tiempo.<\/p>\n<p><\/span><\/div>\n<div><span>\u00a0 [&#8230;] Entre tanto, yo sigo en pos de mi objetivo, maravillosamente inalcanzable: pensar de nuevo la sociedad.\u00a0<\/span><span lang=\"ES-AR\"><\/p>\n<p><\/span><\/div>\n<div><span><br \/><\/span><\/div>\n<div><\/div>\n","protected":false},"excerpt":{"rendered":"<p>Libertad o Capitalismo Beck, Ulrich, 1944-\u00a0 Libertad o capitalismo : conversaciones con Johannes Willms. Barcelona : Paid\u00f3s, 2002. Solicitar por: V 30 B789 \u00a0 \u00a0 Comentario \u00a0 La situaci\u00f3n intelectual es desoladora. Los muros fronterizos que se levantaron para durar eternamente se est\u00e1n desmoronando. No es\u00a0la Internacional\u00a0de los Trabajadores la que est\u00e1 produciendo este desorden, &hellip; <a href=\"https:\/\/blogs.unc.edu.ar\/novedadesbm\/2011\/08\/25\/beck-ulrich\/\" class=\"more-link\">Seguir leyendo <span class=\"screen-reader-text\">Beck, Ulrich<\/span> <span class=\"meta-nav\">&rarr;<\/span><\/a><\/p>\n","protected":false},"author":41,"featured_media":0,"comment_status":"open","ping_status":"open","sticky":false,"template":"","format":"standard","meta":{"_jetpack_memberships_contains_paid_content":false,"footnotes":""},"categories":[6708],"tags":[],"class_list":["post-173","post","type-post","status-publish","format-standard","hentry","category-sociologia"],"jetpack_featured_media_url":"","jetpack_sharing_enabled":true,"_links":{"self":[{"href":"https:\/\/blogs.unc.edu.ar\/novedadesbm\/wp-json\/wp\/v2\/posts\/173","targetHints":{"allow":["GET"]}}],"collection":[{"href":"https:\/\/blogs.unc.edu.ar\/novedadesbm\/wp-json\/wp\/v2\/posts"}],"about":[{"href":"https:\/\/blogs.unc.edu.ar\/novedadesbm\/wp-json\/wp\/v2\/types\/post"}],"author":[{"embeddable":true,"href":"https:\/\/blogs.unc.edu.ar\/novedadesbm\/wp-json\/wp\/v2\/users\/41"}],"replies":[{"embeddable":true,"href":"https:\/\/blogs.unc.edu.ar\/novedadesbm\/wp-json\/wp\/v2\/comments?post=173"}],"version-history":[{"count":0,"href":"https:\/\/blogs.unc.edu.ar\/novedadesbm\/wp-json\/wp\/v2\/posts\/173\/revisions"}],"wp:attachment":[{"href":"https:\/\/blogs.unc.edu.ar\/novedadesbm\/wp-json\/wp\/v2\/media?parent=173"}],"wp:term":[{"taxonomy":"category","embeddable":true,"href":"https:\/\/blogs.unc.edu.ar\/novedadesbm\/wp-json\/wp\/v2\/categories?post=173"},{"taxonomy":"post_tag","embeddable":true,"href":"https:\/\/blogs.unc.edu.ar\/novedadesbm\/wp-json\/wp\/v2\/tags?post=173"}],"curies":[{"name":"wp","href":"https:\/\/api.w.org\/{rel}","templated":true}]}}