{"id":163,"date":"2011-08-25T15:54:00","date_gmt":"2011-08-25T15:54:00","guid":{"rendered":"https:\/\/blogs.unc.edu.ar\/novedadesbm\/2011\/08\/25\/romano-eduardo\/"},"modified":"2011-08-25T15:54:00","modified_gmt":"2011-08-25T15:54:00","slug":"romano-eduardo","status":"publish","type":"post","link":"https:\/\/blogs.unc.edu.ar\/novedadesbm\/2011\/08\/25\/romano-eduardo\/","title":{"rendered":"Romano, Eduardo"},"content":{"rendered":"<div><b><span>Haroldo Conti<\/span><\/b><\/div>\n<div><span><b><br \/><\/b><\/span><\/div>\n<div><a href=\"http:\/\/1.bp.blogspot.com\/-7_cmk08DlJg\/TlZwRxDLvYI\/AAAAAAAAAB4\/uhWdiufi6lw\/s1600\/ROMANO-HAROLDO.jpg\"><img loading=\"lazy\" decoding=\"async\" border=\"0\" height=\"320\" src=\"http:\/\/1.bp.blogspot.com\/-7_cmk08DlJg\/TlZwRxDLvYI\/AAAAAAAAAB4\/uhWdiufi6lw\/s320\/ROMANO-HAROLDO.jpg\" width=\"217\"><\/a><\/div>\n<div><span><b><br \/><\/b><\/span><\/div>\n<div><\/div>\n<div><span lang=\"ES\"><b>Haroldo Conti : alias Mascar\u00f3, alias la vida<\/b> \/ Eduardo Romano compilador. &#8211; Buenos Aires : Ediciones Colihue : Centro Cultural de la Memoria Haroldo Conti, 2008. <\/p>\n<p><\/span><\/div>\n<div><span lang=\"ES\"><b>Solicitar por: II 8 B3287<\/b><\/span><span><\/p>\n<p><\/span><\/div>\n<div><\/div>\n<div><span><b>Comentario<\/b><\/p>\n<p><\/span><\/div>\n<div><span lang=\"ES\">Las relaciones entre el acto de escribir y la intervenci\u00f3n pol\u00edtica han producido numerosas reflexiones. que oscilan entre el extremo de negar todo nexo entre ambas pr\u00e1cticas y los determinismos de diversa \u00edndole. El caso de Haroldo Conti (1925-secuestrado por la dictadura en 1976) habilita la posibilidad de retomar la cuesti\u00f3n desde la perspectiva actual.El volumen que presentamos es una invitaci\u00f3n a leer la obra de un gran escritor; pero tambi\u00e9n es una invitaci\u00f3n a sumergirse en una \u00e9poca signada por ansias de liberaci\u00f3n que -m\u00e1s all\u00e1 de cambios y rupturas significativas- nos siguen conmo -viendo y atraviesan la sociedad. al punto que su conocimiento resulta indispensable para entender los problemas y las carencias del pa\u00eds de hoy.Este libro re\u00fane textos de Haroldo Conti que hoy resultan de dif\u00edcil acceso al lector: entrevistas. notas period\u00edsticas. cr\u00edticas cinematogr\u00e1ficas. cartas y fragmentos de Ligados. su primera novela. Tambi\u00e9n se incluyen estudios cr\u00edticos sobre la obra y testimonios de personalidades de estrecha relaci\u00f3n con el escritor desparecido.<\/span><span><\/p>\n<p><\/span><\/div>\n","protected":false},"excerpt":{"rendered":"<p>Haroldo Conti Haroldo Conti : alias Mascar\u00f3, alias la vida \/ Eduardo Romano compilador. &#8211; Buenos Aires : Ediciones Colihue : Centro Cultural de la Memoria Haroldo Conti, 2008. Solicitar por: II 8 B3287 Comentario Las relaciones entre el acto de escribir y la intervenci\u00f3n pol\u00edtica han producido numerosas reflexiones. que oscilan entre el extremo &hellip; <a href=\"https:\/\/blogs.unc.edu.ar\/novedadesbm\/2011\/08\/25\/romano-eduardo\/\" class=\"more-link\">Seguir leyendo <span class=\"screen-reader-text\">Romano, Eduardo<\/span> <span class=\"meta-nav\">&rarr;<\/span><\/a><\/p>\n","protected":false},"author":41,"featured_media":0,"comment_status":"open","ping_status":"open","sticky":false,"template":"","format":"standard","meta":{"_jetpack_memberships_contains_paid_content":false,"footnotes":""},"categories":[47],"tags":[],"class_list":["post-163","post","type-post","status-publish","format-standard","hentry","category-literatura"],"jetpack_featured_media_url":"","jetpack_sharing_enabled":true,"_links":{"self":[{"href":"https:\/\/blogs.unc.edu.ar\/novedadesbm\/wp-json\/wp\/v2\/posts\/163","targetHints":{"allow":["GET"]}}],"collection":[{"href":"https:\/\/blogs.unc.edu.ar\/novedadesbm\/wp-json\/wp\/v2\/posts"}],"about":[{"href":"https:\/\/blogs.unc.edu.ar\/novedadesbm\/wp-json\/wp\/v2\/types\/post"}],"author":[{"embeddable":true,"href":"https:\/\/blogs.unc.edu.ar\/novedadesbm\/wp-json\/wp\/v2\/users\/41"}],"replies":[{"embeddable":true,"href":"https:\/\/blogs.unc.edu.ar\/novedadesbm\/wp-json\/wp\/v2\/comments?post=163"}],"version-history":[{"count":0,"href":"https:\/\/blogs.unc.edu.ar\/novedadesbm\/wp-json\/wp\/v2\/posts\/163\/revisions"}],"wp:attachment":[{"href":"https:\/\/blogs.unc.edu.ar\/novedadesbm\/wp-json\/wp\/v2\/media?parent=163"}],"wp:term":[{"taxonomy":"category","embeddable":true,"href":"https:\/\/blogs.unc.edu.ar\/novedadesbm\/wp-json\/wp\/v2\/categories?post=163"},{"taxonomy":"post_tag","embeddable":true,"href":"https:\/\/blogs.unc.edu.ar\/novedadesbm\/wp-json\/wp\/v2\/tags?post=163"}],"curies":[{"name":"wp","href":"https:\/\/api.w.org\/{rel}","templated":true}]}}