{"id":158,"date":"2011-09-08T16:46:00","date_gmt":"2011-09-08T16:46:00","guid":{"rendered":"https:\/\/blogs.unc.edu.ar\/novedadesbm\/2011\/09\/08\/nuestra-america-2\/"},"modified":"2011-09-08T16:46:00","modified_gmt":"2011-09-08T16:46:00","slug":"nuestra-america-2","status":"publish","type":"post","link":"https:\/\/blogs.unc.edu.ar\/novedadesbm\/2011\/09\/08\/nuestra-america-2\/","title":{"rendered":"Nuestra Am\u00e9rica"},"content":{"rendered":"<div><a href=\"http:\/\/4.bp.blogspot.com\/-4mRbjx0-YeQ\/TmEChxNtccI\/AAAAAAAAADg\/Yobiw41EKkE\/s1600\/AMERICA.jpg\"><img decoding=\"async\" border=\"0\" src=\"http:\/\/4.bp.blogspot.com\/-4mRbjx0-YeQ\/TmEChxNtccI\/AAAAAAAAADg\/Yobiw41EKkE\/s1600\/AMERICA.jpg\"><\/a><\/div>\n<div><\/p>\n<div><\/div>\n<div><b><span>Nuestra Am\u00e9rica : Revista del Memorial de Am\u00e9rica Latina<\/span><\/b><span>. &#8211; Sao Paulo : Fundacao Memorial da Am\u00e9rica Latina, 2004-. <\/span><span>no. 40-42 (2011) <\/span><span>: il. ; 28 cm. &#8211; Semestral.<\/p>\n<p><\/span><\/div>\n<div><b><span>Solicitar por: H 3278<\/p>\n<p><\/span><\/b><\/div>\n<div><b><span><br \/><\/span><\/b><\/div>\n<\/div>\n<div><\/div>\n<p><b><span>Comentario de la Edici\u00f3n 42<\/p>\n<p><\/span><\/b><br \/><span>\u00a0 Durante cuatro d\u00edas se reunieron, en Buenos Aires, dirigentes de centros de cultura de Am\u00e9rica Latina y de algunos cong\u00e9neres europeos, entorno de la pauta del X Encuentro de Centros Culturales de Am\u00e9rica y Europa.<\/p>\n<p><\/span><br \/><span>\u00a0 La pauta, lo que prevaleci\u00f3 fue el tema de las nuevas tecnolog\u00edas, se realizaron visitas a los m\u00e1s destacados centros culturales de la capital argentina con exposiciones y debates en el Centro Cultural San Mart\u00edn, sede del evento, valorizando la cooperaci\u00f3n y el intercambio de experiencias \u00fatiles para el proceso de integraci\u00f3n latinoamericana. El pr\u00f3ximo encuentro deber\u00e1 tener a S\u00e3o Paulo como sede.<\/p>\n<p><\/span><br \/><span>\u00a0 El crecimiento de la violencia en las grandes ciudades alcanza a gran parte de los pa\u00edses de Am\u00e9rica Latina, especialmente los del tri\u00e1ngulo de Am\u00e9rica Central, Honduras, Guatemala y El Salvador, como analiza Harry Vanden, profesor de University of South Florida. Otra cuesti\u00f3n oportuna que Nossa Am\u00e9rica aborda es la integraci\u00f3n energ\u00e9tica, entre las varias formas de integraci\u00f3n del Continente, tema que est\u00e1 a la orden del d\u00eda de las agendas de los dirigentes pol\u00edticos, examinada por el profesor Carlos Cavalcanti.<\/p>\n<p><\/span><br \/><span>\u00a0 Brasil es actualmente la s\u00e9tima econom\u00eda del mundo. \u00bfQu\u00e9 significa eso para los pa\u00edses de la regi\u00f3n? Para el soci\u00f3logo Tullo Vigevani, en el contexto de incertidumbres y cambios, Brasil gana prominencia fundamentada en su mejor\u00eda econ\u00f3mica. Celso Furtado, uno de los m\u00e1s importantes economistas del siglo veinte, dej\u00f3 un importante legado especialmente en cuanto a la cuesti\u00f3n del desarrollo y del subdesarrollo como analiza el soci\u00f3logo y economista Fl\u00e1vio Saes.<\/p>\n<p><\/span><br \/><span>\u00a0 Los veinte a\u00f1os del Mercosur y su actuaci\u00f3n ganan un an\u00e1lisis de F\u00e9lix Pe\u00f1a, economista argentino, y de Rubens Barbosa, coordinador de la secci\u00f3n nacional del Mercosur. Otro tema es la muerte del escritor Moacyr Scliar. Quien recuerda es el amigo, y escritor, Ign\u00e1cio de Loyola. En esta edici\u00f3n tambi\u00e9n abordamos un asunto urbano recurrente, el tr\u00e1nsito en las grandes ciudades, que ha sido uno de los responsables por la baja calidad de vida de los ciudadanos, que es tratado en el libro F\u00e9 em Deus e p\u00e9 na t\u00e1bua, de Roberto da Matta. La rese\u00f1a es de Reynaldo Damazio.<\/p>\n<p><\/span><br \/><span>\u00a0 Concluyendo la edici\u00f3n, elegimos la poes\u00eda de Fernando Iturburo, un joven poeta chileno e intelectual promisorio.<\/p>\n<p><\/span><br \/><span>\u00a0 \u00a1Buena lectura!<\/p>\n<p><\/span><br \/><span>\u00a0 Fernando Le\u00e7a<br \/>es presidente del Memorial de Am\u00e9rica Latina.<\/p>\n<p><\/span><\/p>\n","protected":false},"excerpt":{"rendered":"<p>Nuestra Am\u00e9rica : Revista del Memorial de Am\u00e9rica Latina. &#8211; Sao Paulo : Fundacao Memorial da Am\u00e9rica Latina, 2004-. no. 40-42 (2011) : il. ; 28 cm. &#8211; Semestral. Solicitar por: H 3278 Comentario de la Edici\u00f3n 42 \u00a0 Durante cuatro d\u00edas se reunieron, en Buenos Aires, dirigentes de centros de cultura de Am\u00e9rica Latina &hellip; <a href=\"https:\/\/blogs.unc.edu.ar\/novedadesbm\/2011\/09\/08\/nuestra-america-2\/\" class=\"more-link\">Seguir leyendo <span class=\"screen-reader-text\">Nuestra Am\u00e9rica<\/span> <span class=\"meta-nav\">&rarr;<\/span><\/a><\/p>\n","protected":false},"author":41,"featured_media":0,"comment_status":"open","ping_status":"open","sticky":false,"template":"","format":"standard","meta":{"_jetpack_memberships_contains_paid_content":false,"footnotes":""},"categories":[6601],"tags":[],"class_list":["post-158","post","type-post","status-publish","format-standard","hentry","category-centro-de-documentacion"],"jetpack_featured_media_url":"","jetpack_sharing_enabled":true,"_links":{"self":[{"href":"https:\/\/blogs.unc.edu.ar\/novedadesbm\/wp-json\/wp\/v2\/posts\/158","targetHints":{"allow":["GET"]}}],"collection":[{"href":"https:\/\/blogs.unc.edu.ar\/novedadesbm\/wp-json\/wp\/v2\/posts"}],"about":[{"href":"https:\/\/blogs.unc.edu.ar\/novedadesbm\/wp-json\/wp\/v2\/types\/post"}],"author":[{"embeddable":true,"href":"https:\/\/blogs.unc.edu.ar\/novedadesbm\/wp-json\/wp\/v2\/users\/41"}],"replies":[{"embeddable":true,"href":"https:\/\/blogs.unc.edu.ar\/novedadesbm\/wp-json\/wp\/v2\/comments?post=158"}],"version-history":[{"count":0,"href":"https:\/\/blogs.unc.edu.ar\/novedadesbm\/wp-json\/wp\/v2\/posts\/158\/revisions"}],"wp:attachment":[{"href":"https:\/\/blogs.unc.edu.ar\/novedadesbm\/wp-json\/wp\/v2\/media?parent=158"}],"wp:term":[{"taxonomy":"category","embeddable":true,"href":"https:\/\/blogs.unc.edu.ar\/novedadesbm\/wp-json\/wp\/v2\/categories?post=158"},{"taxonomy":"post_tag","embeddable":true,"href":"https:\/\/blogs.unc.edu.ar\/novedadesbm\/wp-json\/wp\/v2\/tags?post=158"}],"curies":[{"name":"wp","href":"https:\/\/api.w.org\/{rel}","templated":true}]}}