{"id":155,"date":"2011-09-08T16:48:00","date_gmt":"2011-09-08T16:48:00","guid":{"rendered":"https:\/\/blogs.unc.edu.ar\/novedadesbm\/2011\/09\/08\/caras-y-caretas-5\/"},"modified":"2011-09-08T16:48:00","modified_gmt":"2011-09-08T16:48:00","slug":"caras-y-caretas-5","status":"publish","type":"post","link":"https:\/\/blogs.unc.edu.ar\/novedadesbm\/2011\/09\/08\/caras-y-caretas-5\/","title":{"rendered":"Caras y caretas"},"content":{"rendered":"<div><a href=\"http:\/\/4.bp.blogspot.com\/-WCtmp9tMcCo\/TmT8JLIHTCI\/AAAAAAAAADs\/y1PYuL-dHZg\/s1600\/CARAS.jpg\"><img loading=\"lazy\" decoding=\"async\" border=\"0\" height=\"320\" src=\"http:\/\/4.bp.blogspot.com\/-WCtmp9tMcCo\/TmT8JLIHTCI\/AAAAAAAAADs\/y1PYuL-dHZg\/s320\/CARAS.jpg\" width=\"202\"><\/a><\/div>\n<div><\/div>\n<div><\/p>\n<div><b><span>Caras y caretas : la revista de la patria.<\/span><\/b><span> &#8211; Buenos Aires : Centro Cultural Caras y Caretas, 1898- &#8211; v. : il. ; 25-31 cm. &#8211; Mensual.\u00a0 <\/span><span>A\u00f1o 50, no. 2260 (2011).<\/span><\/div>\n<div><b><span>Solicitar por: H 1894<\/p>\n<p><\/span><\/b><\/div>\n<p><\/div>\n<div><b><span lang=\"ES-AR\">Comentario<\/span><\/b><\/div>\n<p><span>Fundada en 1898 por Eustaquio Pellicer y dirigida por Jos\u00e9 Sixto Alvarez (Fray Mocho), ilustrada por los maestros Manuel Mayol y Jos\u00e9 Mar\u00eda Cao y dibujantes como Hermenegildo S\u00e1bat Lle\u00f3, donde public\u00f3 sus primeros cuentos Horacio Quiroga, acompa\u00f1\u00f3 la construcci\u00f3n de la Argentina moderna y dio cuenta de los fen\u00f3menos pol\u00edticos, sociales y culturales que atraves\u00f3 el\u00a0 pa\u00eds.<\/span><\/p>\n<div><\/div>\n<div><b><span lang=\"ES-AR\">Porque<\/span><\/b><span lang=\"ES-AR\">\u00a0<b><span>Caras y Caretas<\/span><\/b>\u00a0cont\u00f3 e inform\u00f3, con talento, profundidad y sensualidad de las pasiones, las razones y trampas que los argentinos de aquellos tiempos y de todos los tiempos desplegaron para ubicarse en el mundo. Dio cuenta de sus maravillas, de sus glorias, de sus miserias y del denodado y no siempre pac\u00edfico esfuerzo de inventar la Argentina.<\/span><\/div>\n<div><\/div>\n<div><b><span lang=\"ES-AR\">Porque<\/span><\/b><span lang=\"ES-AR\">\u00a0<b><span>Caras y Caretas\u00a0<\/span><\/b>naci\u00f3 para hablar de ricos y pobres, de inmigrantes y criollos, de gobiernos conservadores y luego republicanos y luego democr\u00e1ticos. Habl\u00f3 de c\u00f3mo se conformaba la naci\u00f3n, de c\u00f3mo todos sus habitantes, ciudadanos y extranjeros, constru\u00edan su vida, com\u00edan, se educaban, amaban, trabajaban y manten\u00edan sus tradiciones, creencias, su cultura de ultramar, o se imbricaban con la cultura criolla para fundar esa mixtura, esa caldera que fue la Argentina moderna.<\/span><\/div>\n<div><\/div>\n<div><b><span lang=\"ES-AR\">Porque<\/span><\/b><span lang=\"ES-AR\">\u00a0<b><span>Caras y Caretas<\/span><\/b>\u00a0llev\u00f3 desde su fundaci\u00f3n la marca de la identidad de los argentinos. De sus desvelos, sus problemas, sus deseos y esperanzas. Y acompa\u00f1\u00f3 la comprensi\u00f3n del Centenario de la Revoluci\u00f3n de Mayo en medio de las grandes transformaciones en la sociedad, la cultura, la econom\u00eda y la pol\u00edtica. Vio c\u00f3mo crec\u00edan el centro y los suburbios, vio c\u00f3mo se constru\u00eda el puerto, c\u00f3mo bajaban del barco nuestros abuelos, c\u00f3mo se expropiaba la tierra a nuestros primeros habitantes, c\u00f3mo se levant\u00f3 el Obelisco, c\u00f3mo Buenos Aires era Babel, c\u00f3mo surg\u00eda la organizaci\u00f3n nacional despu\u00e9s de que se apagaron las guerras civiles y las \u00faltimas montoneras. Acompa\u00f1\u00f3 al primer hombre que vot\u00f3 con voto secreto, universal y obligatorio; asisti\u00f3 al fin de la rep\u00fablica conservadora, a los proleg\u00f3menos del surgimiento de la Argentina industrial y de masas, sobrevivi\u00f3 a la d\u00e9cada infame, y presenci\u00f3 el surgimiento de la vanguardia art\u00edstica, de las luchas por la paz, de los debates por las guerras mundiales. Vio c\u00f3mo nos transform\u00e1bamos en deudores del mundo, tan cerca de los Estados Unidos y tan lejos de Latinoam\u00e9rica.<\/span><\/div>\n<div><\/div>\n<div><b><span lang=\"ES-AR\">Por eso volvi\u00f3 la revista de la patria: para contar c\u00f3mo \u00e9ramos ayer y c\u00f3mo somos hoy. Para contar cu\u00e1l es la identidad que amasamos entre saqueos, crisis, potencia creativa, dictaduras y democracias inconclusas.<\/span><\/b><span lang=\"ES-AR\"><\/span><\/div>\n<div><\/div>\n<p><b><span lang=\"ES-AR\">Para pensar juntos, a punto de cumplir los 200 a\u00f1os como naci\u00f3n, cu\u00e1les son los problemas, las necesidades, las potencialidades, e<\/span><\/b><\/p>\n<div align=\"center\">\ufeff<\/div>\n","protected":false},"excerpt":{"rendered":"<p>Caras y caretas : la revista de la patria. &#8211; Buenos Aires : Centro Cultural Caras y Caretas, 1898- &#8211; v. : il. ; 25-31 cm. &#8211; Mensual.\u00a0 A\u00f1o 50, no. 2260 (2011). Solicitar por: H 1894 Comentario Fundada en 1898 por Eustaquio Pellicer y dirigida por Jos\u00e9 Sixto Alvarez (Fray Mocho), ilustrada por los &hellip; <a href=\"https:\/\/blogs.unc.edu.ar\/novedadesbm\/2011\/09\/08\/caras-y-caretas-5\/\" class=\"more-link\">Seguir leyendo <span class=\"screen-reader-text\">Caras y caretas<\/span> <span class=\"meta-nav\">&rarr;<\/span><\/a><\/p>\n","protected":false},"author":41,"featured_media":0,"comment_status":"open","ping_status":"open","sticky":false,"template":"","format":"standard","meta":{"_jetpack_memberships_contains_paid_content":false,"footnotes":""},"categories":[6601],"tags":[],"class_list":["post-155","post","type-post","status-publish","format-standard","hentry","category-centro-de-documentacion"],"jetpack_featured_media_url":"","jetpack_sharing_enabled":true,"_links":{"self":[{"href":"https:\/\/blogs.unc.edu.ar\/novedadesbm\/wp-json\/wp\/v2\/posts\/155","targetHints":{"allow":["GET"]}}],"collection":[{"href":"https:\/\/blogs.unc.edu.ar\/novedadesbm\/wp-json\/wp\/v2\/posts"}],"about":[{"href":"https:\/\/blogs.unc.edu.ar\/novedadesbm\/wp-json\/wp\/v2\/types\/post"}],"author":[{"embeddable":true,"href":"https:\/\/blogs.unc.edu.ar\/novedadesbm\/wp-json\/wp\/v2\/users\/41"}],"replies":[{"embeddable":true,"href":"https:\/\/blogs.unc.edu.ar\/novedadesbm\/wp-json\/wp\/v2\/comments?post=155"}],"version-history":[{"count":0,"href":"https:\/\/blogs.unc.edu.ar\/novedadesbm\/wp-json\/wp\/v2\/posts\/155\/revisions"}],"wp:attachment":[{"href":"https:\/\/blogs.unc.edu.ar\/novedadesbm\/wp-json\/wp\/v2\/media?parent=155"}],"wp:term":[{"taxonomy":"category","embeddable":true,"href":"https:\/\/blogs.unc.edu.ar\/novedadesbm\/wp-json\/wp\/v2\/categories?post=155"},{"taxonomy":"post_tag","embeddable":true,"href":"https:\/\/blogs.unc.edu.ar\/novedadesbm\/wp-json\/wp\/v2\/tags?post=155"}],"curies":[{"name":"wp","href":"https:\/\/api.w.org\/{rel}","templated":true}]}}