{"id":147,"date":"2011-09-08T16:49:00","date_gmt":"2011-09-08T16:49:00","guid":{"rendered":"https:\/\/blogs.unc.edu.ar\/novedadesbm\/2011\/09\/08\/subjetividad-y-procesos-cognitivos\/"},"modified":"2011-09-08T16:49:00","modified_gmt":"2011-09-08T16:49:00","slug":"subjetividad-y-procesos-cognitivos","status":"publish","type":"post","link":"https:\/\/blogs.unc.edu.ar\/novedadesbm\/2011\/09\/08\/subjetividad-y-procesos-cognitivos\/","title":{"rendered":"Subjetividad y procesos cognitivos"},"content":{"rendered":"<div><a href=\"http:\/\/3.bp.blogspot.com\/-KVeZKgqsxT8\/TmjY1IBCKmI\/AAAAAAAAAEQ\/gdWNtCGxmwI\/s1600\/SUBJETIVIDAD.jpg\"><img loading=\"lazy\" decoding=\"async\" border=\"0\" height=\"320\" src=\"http:\/\/3.bp.blogspot.com\/-KVeZKgqsxT8\/TmjY1IBCKmI\/AAAAAAAAAEQ\/gdWNtCGxmwI\/s320\/SUBJETIVIDAD.jpg\" width=\"211\"><\/a><\/div>\n<div><\/div>\n<div><\/div>\n<div><span lang=\"ES-AR\"><b>Subjetividad y procesos cognitivos.<\/b> &#8211; Capital Federal : Universidad de Ciencias Empresariales y Sociales. UCES &#8211; v. 15, no. 1 (2011) : il. &#8211; Anual.<\/p>\n<p><\/span><\/div>\n<div><span lang=\"ES-AR\"><b>Solicitar por:\u00a0<\/b><\/span><span><b>H 2981<\/b><\/span><\/div>\n<div><span lang=\"ES-AR\"><b><br \/><\/b><\/span><\/div>\n<div><span lang=\"ES-AR\"><b>Comentario<\/b><\/p>\n<p><\/span><\/div>\n<div><b><span lang=\"ES-AR\">Revista del Instituto de Altos Estudios en Psicolog\u00eda y Ciencias Sociales (IAEPCIS)<\/p>\n<p><\/span><\/b><\/div>\n<div><b><span lang=\"ES-AR\">Universidad de Ciencias Empresariales y Sociales (UCES)<\/p>\n<p><\/span><\/b><\/div>\n<div><b><span lang=\"ES-AR\">Subjetividad y Procesos Cognitivos <\/span><\/b><span lang=\"ES-AR\">es una revista abierta a la comunidad cient\u00edfica.<\/p>\n<p><\/span><\/div>\n<div><span lang=\"ES-AR\">Su objetivo es brindar aportes al conocimiento en el campo de la psicoterapia y de la psicolog\u00eda social desde un marco de pluralidad te\u00f3rica. Los art\u00edculos publicados son in\u00e9ditos y sometidos a arbitraje para garantizar el valor cient\u00edfico de la publicaci\u00f3n.<\/p>\n<p><\/span><\/div>\n<div><span lang=\"ES-AR\">La revista se publica dos veces por a\u00f1o. Tiene cobertura nacional e internacional. Est\u00e1 indizada en el N\u00facleo B\u00e1sico de Revistas Cient\u00edficas Argentinas del CONICET as\u00ed como en D<a href=\"http:\/\/www.blogger.com\/post-edit.g?blogID=6666928053855361151&amp;postID=280496217088457721\" name=\"_GoBack\"><\/a>IALNET, LATINDEX, LILACS, PSICODOC.<\/p>\n<p><\/span><\/div>\n","protected":false},"excerpt":{"rendered":"<p>Subjetividad y procesos cognitivos. &#8211; Capital Federal : Universidad de Ciencias Empresariales y Sociales. UCES &#8211; v. 15, no. 1 (2011) : il. &#8211; Anual. Solicitar por:\u00a0H 2981 Comentario Revista del Instituto de Altos Estudios en Psicolog\u00eda y Ciencias Sociales (IAEPCIS) Universidad de Ciencias Empresariales y Sociales (UCES) Subjetividad y Procesos Cognitivos es una revista &hellip; <a href=\"https:\/\/blogs.unc.edu.ar\/novedadesbm\/2011\/09\/08\/subjetividad-y-procesos-cognitivos\/\" class=\"more-link\">Seguir leyendo <span class=\"screen-reader-text\">Subjetividad y procesos cognitivos<\/span> <span class=\"meta-nav\">&rarr;<\/span><\/a><\/p>\n","protected":false},"author":41,"featured_media":0,"comment_status":"open","ping_status":"open","sticky":false,"template":"","format":"standard","meta":{"_jetpack_memberships_contains_paid_content":false,"footnotes":""},"categories":[6601],"tags":[],"class_list":["post-147","post","type-post","status-publish","format-standard","hentry","category-centro-de-documentacion"],"jetpack_featured_media_url":"","jetpack_sharing_enabled":true,"_links":{"self":[{"href":"https:\/\/blogs.unc.edu.ar\/novedadesbm\/wp-json\/wp\/v2\/posts\/147","targetHints":{"allow":["GET"]}}],"collection":[{"href":"https:\/\/blogs.unc.edu.ar\/novedadesbm\/wp-json\/wp\/v2\/posts"}],"about":[{"href":"https:\/\/blogs.unc.edu.ar\/novedadesbm\/wp-json\/wp\/v2\/types\/post"}],"author":[{"embeddable":true,"href":"https:\/\/blogs.unc.edu.ar\/novedadesbm\/wp-json\/wp\/v2\/users\/41"}],"replies":[{"embeddable":true,"href":"https:\/\/blogs.unc.edu.ar\/novedadesbm\/wp-json\/wp\/v2\/comments?post=147"}],"version-history":[{"count":0,"href":"https:\/\/blogs.unc.edu.ar\/novedadesbm\/wp-json\/wp\/v2\/posts\/147\/revisions"}],"wp:attachment":[{"href":"https:\/\/blogs.unc.edu.ar\/novedadesbm\/wp-json\/wp\/v2\/media?parent=147"}],"wp:term":[{"taxonomy":"category","embeddable":true,"href":"https:\/\/blogs.unc.edu.ar\/novedadesbm\/wp-json\/wp\/v2\/categories?post=147"},{"taxonomy":"post_tag","embeddable":true,"href":"https:\/\/blogs.unc.edu.ar\/novedadesbm\/wp-json\/wp\/v2\/tags?post=147"}],"curies":[{"name":"wp","href":"https:\/\/api.w.org\/{rel}","templated":true}]}}