{"id":145,"date":"2011-09-08T16:50:00","date_gmt":"2011-09-08T16:50:00","guid":{"rendered":"https:\/\/blogs.unc.edu.ar\/novedadesbm\/2011\/09\/08\/migraciones-forzadas\/"},"modified":"2011-09-08T16:50:00","modified_gmt":"2011-09-08T16:50:00","slug":"migraciones-forzadas","status":"publish","type":"post","link":"https:\/\/blogs.unc.edu.ar\/novedadesbm\/2011\/09\/08\/migraciones-forzadas\/","title":{"rendered":"Migraciones forzadas"},"content":{"rendered":"<div><\/div>\n<div><a href=\"http:\/\/4.bp.blogspot.com\/-Xfiycz4ISmc\/TmjW_KvrKjI\/AAAAAAAAAEM\/467MAKq8jKE\/s1600\/MIGRACIONES.jpg\"><img decoding=\"async\" border=\"0\" src=\"http:\/\/4.bp.blogspot.com\/-Xfiycz4ISmc\/TmjW_KvrKjI\/AAAAAAAAAEM\/467MAKq8jKE\/s1600\/MIGRACIONES.jpg\"><\/a><\/div>\n<div><\/div>\n<div><\/div>\n<div><b><span lang=\"ES-AR\">Revista migraciones forzadas<\/span><\/b><span lang=\"ES-AR\"> &#8211; Guatemala : Instituto de Estudios Inter\u00e9tnicos, 1998 &#8211; no. 37 (2011) : il. ; 29 cm. &#8211;\u00a0 Trimestral.<\/p>\n<p><\/span><\/div>\n<div><b><span lang=\"ES-AR\">Solicitar por: <\/span><\/b><span><b><span lang=\"ES-AR\">H 3266<\/span><\/b><\/span><b><span lang=\"ES-AR\"><\/p>\n<p><\/span><\/b><\/div>\n<div><b><span lang=\"ES-AR\"><br \/><\/span><\/b><\/div>\n<div><b><span lang=\"ES-AR\">Comentario<\/p>\n<p><\/span><\/b><\/div>\n<div><span lang=\"ES-AR\">La <b>Revista Migraciones Forzadas<\/b> (<b>RMF<\/b>), publicada bajo la coordinaci\u00f3n del Instituto Interuniversitario de Desarrollo Social y Paz de la Universidad de Alicante, es la edici\u00f3n en castellano de Forced Migration Review, editada tambi\u00e9n en ingl\u00e9s, \u00e1rabe y franc\u00e9s por el Centro de Estudios sobre Refugiados, Oxford Department of International Development , Universidad de Oxford. Desde su aparici\u00f3n en 1987, ha ganado reputaci\u00f3n en todo el mundo como la publicaci\u00f3n m\u00e1s le\u00edda sobre las tem\u00e1ticas de refugio y desplazamiento interno. RMF se encuentra disponible de forma gratuita en l\u00ednea e impresa. <\/p>\n<p><\/span><\/div>\n<div><b><span lang=\"ES-AR\">\u00daltimo n\u00famero:<\/p>\n<p><\/span><\/b><\/div>\n<div><b><span lang=\"ES-AR\">RMF 37: Grupos armados no estatales y desplazamiento.<\/span><\/b><span lang=\"ES-AR\"> A trav\u00e9s de los 20 art\u00edculos de su secci\u00f3n central RMF aborda \u00a0las acciones y conductas de distintos actores definidos como \u201cno estatales\u201d, as\u00ed como los esfuerzos que se llevan a cabo para conducirlos a marcos de responsabilidad y rendici\u00f3n de cuentas; adem\u00e1s incluye nueve art\u00edculos sobre otros aspectos relevantes de la migraci\u00f3n forzada. En esta ocasi\u00f3n, por razones de financiaci\u00f3n, la edici\u00f3n impresa en espa\u00f1ol de RMF 37 es una versi\u00f3n reducida y nueve de los art\u00edculos de la secci\u00f3n central se encuentran disponibles s\u00f3lo en l\u00ednea. Este n\u00famero se encuentra disponible en espa\u00f1ol, ingl\u00e9s, \u00e1rabe y franc\u00e9s.<\/p>\n<p><\/span><\/div>\n<div><b><span lang=\"ES-AR\">RMF 37 &#8211; grupos armados no estatales y desp<a href=\"http:\/\/www.blogger.com\/post-edit.g?blogID=6666928053855361151&amp;postID=6548168221265441413\" name=\"_GoBack\"><\/a>lazamiento <\/p>\n<p><\/span><\/b><\/div>\n<div><span lang=\"ES-AR\">Opciones de lectura y descarga: <\/p>\n<p><\/span><\/div>\n<ul type=\"disc\">\n<li><span lang=\"ES-AR\"><a href=\"http:\/\/www.migracionesforzadas.org\/no-estatales\/contenidos.htm\"><span>Lectura en l\u00ednea<\/span><\/a><\/span><span lang=\"ES-AR\">\n<\/p>\n<p><\/span><\/li>\n<li><span lang=\"ES-AR\"><a href=\"http:\/\/www.migracionesforzadas.org\/pdf\/RMF37\/RMF37.pdf\"><span>Descarga del      n\u00famero completo en PDF<\/span><\/a><\/span><span lang=\"ES-AR\"> (6,01 MB)\n<\/p>\n<p><\/span><\/li>\n<li><span lang=\"ES-AR\"><a href=\"http:\/\/www.migracionesforzadas.org\/pdf\/RMF37\/contenidos.pdf\"><span>Art\u00edculos      individuales en PDF<\/span><\/a><\/span><span lang=\"ES-AR\">\n<\/p>\n<p><\/span><\/li>\n<\/ul>\n","protected":false},"excerpt":{"rendered":"<p>Revista migraciones forzadas &#8211; Guatemala : Instituto de Estudios Inter\u00e9tnicos, 1998 &#8211; no. 37 (2011) : il. ; 29 cm. &#8211;\u00a0 Trimestral. Solicitar por: H 3266 Comentario La Revista Migraciones Forzadas (RMF), publicada bajo la coordinaci\u00f3n del Instituto Interuniversitario de Desarrollo Social y Paz de la Universidad de Alicante, es la edici\u00f3n en castellano de &hellip; <a href=\"https:\/\/blogs.unc.edu.ar\/novedadesbm\/2011\/09\/08\/migraciones-forzadas\/\" class=\"more-link\">Seguir leyendo <span class=\"screen-reader-text\">Migraciones forzadas<\/span> <span class=\"meta-nav\">&rarr;<\/span><\/a><\/p>\n","protected":false},"author":41,"featured_media":0,"comment_status":"open","ping_status":"open","sticky":false,"template":"","format":"standard","meta":{"_jetpack_memberships_contains_paid_content":false,"footnotes":""},"categories":[6601],"tags":[],"class_list":["post-145","post","type-post","status-publish","format-standard","hentry","category-centro-de-documentacion"],"jetpack_featured_media_url":"","jetpack_sharing_enabled":true,"_links":{"self":[{"href":"https:\/\/blogs.unc.edu.ar\/novedadesbm\/wp-json\/wp\/v2\/posts\/145","targetHints":{"allow":["GET"]}}],"collection":[{"href":"https:\/\/blogs.unc.edu.ar\/novedadesbm\/wp-json\/wp\/v2\/posts"}],"about":[{"href":"https:\/\/blogs.unc.edu.ar\/novedadesbm\/wp-json\/wp\/v2\/types\/post"}],"author":[{"embeddable":true,"href":"https:\/\/blogs.unc.edu.ar\/novedadesbm\/wp-json\/wp\/v2\/users\/41"}],"replies":[{"embeddable":true,"href":"https:\/\/blogs.unc.edu.ar\/novedadesbm\/wp-json\/wp\/v2\/comments?post=145"}],"version-history":[{"count":0,"href":"https:\/\/blogs.unc.edu.ar\/novedadesbm\/wp-json\/wp\/v2\/posts\/145\/revisions"}],"wp:attachment":[{"href":"https:\/\/blogs.unc.edu.ar\/novedadesbm\/wp-json\/wp\/v2\/media?parent=145"}],"wp:term":[{"taxonomy":"category","embeddable":true,"href":"https:\/\/blogs.unc.edu.ar\/novedadesbm\/wp-json\/wp\/v2\/categories?post=145"},{"taxonomy":"post_tag","embeddable":true,"href":"https:\/\/blogs.unc.edu.ar\/novedadesbm\/wp-json\/wp\/v2\/tags?post=145"}],"curies":[{"name":"wp","href":"https:\/\/api.w.org\/{rel}","templated":true}]}}