{"id":12,"date":"2013-06-10T18:26:00","date_gmt":"2013-06-10T18:26:00","guid":{"rendered":"https:\/\/blogs.unc.edu.ar\/novedadesbm\/2013\/06\/10\/sartori-giovanni\/"},"modified":"2013-06-10T18:26:00","modified_gmt":"2013-06-10T18:26:00","slug":"sartori-giovanni","status":"publish","type":"post","link":"https:\/\/blogs.unc.edu.ar\/novedadesbm\/2013\/06\/10\/sartori-giovanni\/","title":{"rendered":"Sartori, Giovanni"},"content":{"rendered":"<div><span lang=\"ES-CO\"><span>La pol\u00edtica\u00a0<\/span><\/span><\/div>\n<div><span lang=\"ES-CO\"><span><br \/><\/span><\/span><\/div>\n<div><a href=\"http:\/\/3.bp.blogspot.com\/-F7hD85eFnds\/UbYaSEOlzlI\/AAAAAAAAAh0\/hHYyWr-jKUY\/s1600\/SARTORI.jpg\"><img decoding=\"async\" border=\"0\" src=\"http:\/\/3.bp.blogspot.com\/-F7hD85eFnds\/UbYaSEOlzlI\/AAAAAAAAAh0\/hHYyWr-jKUY\/s1600\/SARTORI.jpg\"><\/a><\/div>\n<div><span lang=\"ES-CO\"><span><br \/><\/span><\/span><\/div>\n<div><b><span lang=\"ES-CO\">Sartori, Giovanni, 1924- <br \/><\/span><\/b><span lang=\"ES-CO\">La pol\u00edtica : l\u00f3gica y m\u00e9todo en las ciencias sociales. M\u00e9xico : Fondo de Cultura Econ\u00f3mica, 2002.<\/p>\n<p><\/span><\/div>\n<div><b><span lang=\"ES-CO\">Solicitar por: V 32 B2064<\/p>\n<p><\/span><\/b><\/div>\n<div><\/div>\n<div><b><span lang=\"ES-AR\">Comentario<\/p>\n<p><\/span><\/b><\/div>\n<div><span><i><span lang=\"ES-CO\">\u00a0 La pol\u00edtica. l\u00f3gica y m\u00e9todo en las ciencias sociales <\/span><\/i><\/span><span><span lang=\"ES-CO\">forma parte de la importante labor <\/span><\/span><span><span lang=\"ES-CO\">de Giovanni Sartori como catedr\u00e1tico e investigador. La exposici\u00f3n, rigurosa y puntual, se inicia con una definici\u00f3n del \u201cinstrumento ling\u00fc\u00edstico\u201d <\/span><\/span><span><span lang=\"ES-CO\">que tiene como fin delimitar<\/span><\/span><span><span lang=\"ES-CO\"> <\/span><\/span><span><span lang=\"ES-CO\">el lenguaje \u00abespecial\u00bb, cognoscitivo y cr\u00edtico, que emplean los fil\u00f3sofos y los cient\u00edficos <\/span><\/span><span><span lang=\"ES-CO\">y los problemas que se derivan de su convivencia con el uso com\u00fan del lenguaje. <\/span><\/span><span><span lang=\"ES-CO\">Sartori analiza el \u201cestatus cient\u00edfico\u201d de las ciencias sociales, su m\u00e9todo <\/span><\/span><span><span lang=\"ES-CO\">de conocimiento y la posibilidad de plantear hip\u00f3tesis que puedan ser demostradas, controladas y aplicadas. Por otro lado, a partir de considerar a la ciencia y a la pol\u00edtica como variables sujetas a cambios en diferentes \u00e9pocas y a diversas velocidades, <\/span><\/span><span><span lang=\"ES-CO\">el autor identifica los \u00abencuentros significativos\u00bb ent<sup>.<\/sup>re ambas, desde la Antig\u00fcedad <\/span><\/span><span><span lang=\"ES-CO\">(Plat\u00f3n y Arist\u00f3teles) hasta la sociedad posindustrial, en un amplio y esclarecedor <\/span><\/span><span><span lang=\"ES-CO\">recorrido por la tradici\u00f3n occidental.<\/p>\n<p><\/span><\/span><\/div>\n<p><span lang=\"ES-CO\">         <\/span><\/p>\n<div><span><span lang=\"ES-CO\">Entre la ciencia pol\u00edtica cl\u00e1sica, hoy considerada \u00abprecient\u00edfica\u00bb, y la ciencia pol\u00edtica <\/span><\/span><span><span lang=\"ES-CO\">actual, \u00abcientifizada\u00bb, ocupada de microproblemas y centrada en el microan\u00e1lisis, <\/span><\/span><span><span lang=\"ES-CO\">Sartori propone volver al macroan\u00e1lisis y afirma la importancia de la pol\u00edtica comparada <\/span><\/span><span><span lang=\"ES-CO\">como el \u00e1mbito donde la ciencia pol\u00edtica puede reencontrar su fecundidad te\u00f3rica.<\/p>\n<p><\/span><\/span><\/div>\n","protected":false},"excerpt":{"rendered":"<p>La pol\u00edtica\u00a0 Sartori, Giovanni, 1924- La pol\u00edtica : l\u00f3gica y m\u00e9todo en las ciencias sociales. M\u00e9xico : Fondo de Cultura Econ\u00f3mica, 2002. Solicitar por: V 32 B2064 Comentario \u00a0 La pol\u00edtica. l\u00f3gica y m\u00e9todo en las ciencias sociales forma parte de la importante labor de Giovanni Sartori como catedr\u00e1tico e investigador. La exposici\u00f3n, rigurosa y &hellip; <a href=\"https:\/\/blogs.unc.edu.ar\/novedadesbm\/2013\/06\/10\/sartori-giovanni\/\" class=\"more-link\">Seguir leyendo <span class=\"screen-reader-text\">Sartori, Giovanni<\/span> <span class=\"meta-nav\">&rarr;<\/span><\/a><\/p>\n","protected":false},"author":41,"featured_media":0,"comment_status":"open","ping_status":"open","sticky":false,"template":"","format":"standard","meta":{"_jetpack_memberships_contains_paid_content":false,"footnotes":""},"categories":[6817],"tags":[],"class_list":["post-12","post","type-post","status-publish","format-standard","hentry","category-politica"],"jetpack_featured_media_url":"","jetpack_sharing_enabled":true,"_links":{"self":[{"href":"https:\/\/blogs.unc.edu.ar\/novedadesbm\/wp-json\/wp\/v2\/posts\/12","targetHints":{"allow":["GET"]}}],"collection":[{"href":"https:\/\/blogs.unc.edu.ar\/novedadesbm\/wp-json\/wp\/v2\/posts"}],"about":[{"href":"https:\/\/blogs.unc.edu.ar\/novedadesbm\/wp-json\/wp\/v2\/types\/post"}],"author":[{"embeddable":true,"href":"https:\/\/blogs.unc.edu.ar\/novedadesbm\/wp-json\/wp\/v2\/users\/41"}],"replies":[{"embeddable":true,"href":"https:\/\/blogs.unc.edu.ar\/novedadesbm\/wp-json\/wp\/v2\/comments?post=12"}],"version-history":[{"count":0,"href":"https:\/\/blogs.unc.edu.ar\/novedadesbm\/wp-json\/wp\/v2\/posts\/12\/revisions"}],"wp:attachment":[{"href":"https:\/\/blogs.unc.edu.ar\/novedadesbm\/wp-json\/wp\/v2\/media?parent=12"}],"wp:term":[{"taxonomy":"category","embeddable":true,"href":"https:\/\/blogs.unc.edu.ar\/novedadesbm\/wp-json\/wp\/v2\/categories?post=12"},{"taxonomy":"post_tag","embeddable":true,"href":"https:\/\/blogs.unc.edu.ar\/novedadesbm\/wp-json\/wp\/v2\/tags?post=12"}],"curies":[{"name":"wp","href":"https:\/\/api.w.org\/{rel}","templated":true}]}}