{"id":117,"date":"2012-02-16T18:06:00","date_gmt":"2012-02-16T18:06:00","guid":{"rendered":"https:\/\/blogs.unc.edu.ar\/novedadesbm\/2012\/02\/16\/urondo-francisco\/"},"modified":"2012-02-16T18:06:00","modified_gmt":"2012-02-16T18:06:00","slug":"urondo-francisco","status":"publish","type":"post","link":"https:\/\/blogs.unc.edu.ar\/novedadesbm\/2012\/02\/16\/urondo-francisco\/","title":{"rendered":"Urondo, Francisco"},"content":{"rendered":"<div><span><b>Los pasos previos<\/b><\/span><\/div>\n<div><span><b><br \/><\/b><\/span><\/div>\n<div><a href=\"http:\/\/2.bp.blogspot.com\/-UdPCPfkRz_M\/Tz01ppRD-oI\/AAAAAAAAAHw\/2t5v6ZPD4Gw\/s1600\/Urondo.jpg\"><img loading=\"lazy\" decoding=\"async\" border=\"0\" height=\"320\" src=\"http:\/\/2.bp.blogspot.com\/-UdPCPfkRz_M\/Tz01ppRD-oI\/AAAAAAAAAHw\/2t5v6ZPD4Gw\/s320\/Urondo.jpg\" width=\"204\"><\/a><\/div>\n<div><span><b><br \/><\/b><\/span><\/div>\n<div><\/div>\n<div><b><span>Urondo, Francisco, 1930-1976. <br \/><\/span><\/b><span>Los pasos previos.- Buenos Aires : A. Hidalgo, 2011. <\/p>\n<p><\/span><\/div>\n<div><b><span>Solicitar por: II 8 B3364<\/p>\n<p><\/span><\/b><\/div>\n<div><\/div>\n<div><b><span>Comentario<\/p>\n<p><\/span><\/b><\/div>\n<div><span>\u00a0 Los pasos es un documento sobre nuestras vidas que desde esta orilla resulta alucinante. Es simplemente la historia -fiel, sumisa, real, cotidiana &#8211; de la incorporaci\u00f3n del equipo intelectual latinoamericano a la lucha revolucionaria. Su tema central es un incesante debate, a trav\u00e9s de caf\u00e9s, teatros, conferencias, camas, garitos clandestinos, de las razones y sinrazones del alzamiento armado. Demasiada gente y de la mejor que ten\u00edamos se perdi\u00f3 en esa lucha como para que pueda pasar indiferente por esta historia: esta excluido el torpe desd\u00e9n, pero tambi\u00e9n la exaltaci\u00f3n rom\u00e1ntica del h\u00e9roe, y por momentos, cuando uno se abandona emocionalmente a esta evocaci\u00f3n, puede sentirse que el solo hecho de seguir viviendo es indecente. Todo eso, los pro y los contra, las prevenciones del realismo y las exaltaciones de un idealismo que desciende directamente de la educaci\u00f3n tradicional, est\u00e1 previsto en las p\u00e1ginas malrauxianas de la novela. En estos \u201cpasos previos\u201d muchos podr\u00e1n avizorar los \u201cpasos \u00faltimos\u201d. Pero la emoci\u00f3n de esa figura que avanza o es arrastrada al sacrificio quiz\u00e1 no sea un rezago rom\u00e1ntico sino un anticipo de una nueva solidaridad humana, lo que, como el paradigma f\u00e1ustico de Goethe, hasta en el terror contribuye al futuro.<\/span><span><br \/><b>\u00c1ngel Rama<\/b><\/p>\n<p>\u00a0 Los pasos previos es un cr\u00f3nica tierna, jodona, capaz que dram\u00e1tica, de las perplejidades de nuestra inteligentsia ante el surgimiento de las primeras grandes luchas populares.<br \/><b>Rodolfo Walsh<\/b><\/p>\n<p><\/span><\/div>\n<div><\/div>\n<div><span><\/p>\n<p><b><span>Todos los cuentos<\/span><\/b><\/p>\n<p><\/span><\/div>\n<div><span><\/p>\n<p><b><span><br \/><\/span><\/b><\/p>\n<p><\/span><\/div>\n<div><a href=\"http:\/\/2.bp.blogspot.com\/-SwVCTqwi3oA\/Tz02BzicBhI\/AAAAAAAAAH4\/6RAci2PEHOM\/s1600\/Urondo-Todos-los-Cuentos.jpg\"><img loading=\"lazy\" decoding=\"async\" border=\"0\" height=\"320\" src=\"http:\/\/2.bp.blogspot.com\/-SwVCTqwi3oA\/Tz02BzicBhI\/AAAAAAAAAH4\/6RAci2PEHOM\/s320\/Urondo-Todos-los-Cuentos.jpg\" width=\"214\"><\/a><\/div>\n<div><span><\/p>\n<p><b><span><br \/><\/span><\/b><\/p>\n<p><\/span><\/div>\n<div><\/div>\n<div><b><span>Urondo, Francisco, 1930-1976. <br \/><\/span><\/b><span>Todos los cuentos.- Buenos Aires : A. Hidalgo, 2011. <\/p>\n<p><\/span><\/div>\n<div><b><span>Solicitar por: II 8 B3365 <\/p>\n<p><\/span><\/b><\/div>\n<div><\/div>\n<div><b><span lang=\"ES-AR\">Comentario<\/p>\n<p><\/span><\/b><\/div>\n<div><span>\u00a0 Adem\u00e1s de su extensa y conocida obra po\u00e9tica, Francisco Urondo (1930-1976) escribi\u00f3 la novela Los pasos previos, guiones televisivos y cinematogr\u00e1ficos, piezas teatrales, textos testimoniales, ensayos literarios, art\u00edculos period\u00edsticos y dos vol\u00famenes de cuentos, Todo eso (1966) y Al tacto (1967). La presente edici\u00f3n re\u00fane su narrativa breve, un conjunto de dieciocho relatos en los que episodios de las vidas de una serie de personajes constituyen una escritura de la experiencia que, al mismo tiempo que muestra una \u00e9poca y un imaginario situado en los a\u00f1os sesenta, sobrepasa estos par\u00e1metros en tanto recorre temas permanentes a trav\u00e9s del recuento de deseos, frustraciones, amores y amistades. La maestr\u00eda de Urondo se evidencia en estos textos donde los \u00e1mbitos en que se mueven los protagonistas, sus di\u00e1logos, las voces narrativas, construyen im\u00e1genes certeras, dotadas de esa especial sutileza y precisi\u00f3n que caracteriza su estilo.<\/span><span lang=\"ES-AR\"><\/p>\n<p><\/span><\/div>\n<div><span><br \/><\/span><\/div>\n<div><span><b>Obra po\u00e9tica<\/b><\/span><\/div>\n<div><span><b><br \/><\/b><\/span><\/div>\n<div><a href=\"http:\/\/4.bp.blogspot.com\/--GtRBZOLIgg\/Tz02SpzngGI\/AAAAAAAAAIA\/odLTGMRDAN0\/s1600\/Urondo-Obra-poetica.jpg\"><img loading=\"lazy\" decoding=\"async\" border=\"0\" height=\"320\" src=\"http:\/\/4.bp.blogspot.com\/--GtRBZOLIgg\/Tz02SpzngGI\/AAAAAAAAAIA\/odLTGMRDAN0\/s320\/Urondo-Obra-poetica.jpg\" width=\"206\"><\/a><\/div>\n<div><span><b><br \/><\/b><\/span><\/div>\n<div><\/div>\n<div><b><span>Urondo, Francisco, 1930-1976. <\/span><\/b><span><br \/>Obra po\u00e9tica.- Buenos Aires : A. Hidalgo, 2006. <\/p>\n<p><\/span><\/div>\n<div><b><span>Solicitar por: II 8 B2894<\/p>\n<p><\/span><\/b><\/div>\n<div><\/div>\n<div><b><span>Comentario<\/p>\n<p><\/span><\/b><\/div>\n<div><\/div>\n<div><span>La obra po\u00e9tica de Francisco Urondo exhibe una unidad profunda, cifrada en la afirmaci\u00f3n de la vida como un valor inexcusable y esencial. La palabra y el mundo conjugados resplandecen en la belleza de sus poemas, en los que se evoca el amor, la sensualidad, el placer, el dolor, la amistad, los seres queridos, la patria, la historia, la pol\u00edtica. Es una poes\u00eda sobre el \u201cquerer vivir\u201d, donde nada se encuentra desligado y todo es objeto de indagaci\u00f3n. Esta edici\u00f3n de la poes\u00eda completa de Francisco Urondo conmemora los treinta a\u00f1os de la muerte del poeta, v\u00edctima de la represi\u00f3n de la \u00faltima dictadura militar, el 17 de junio de 1976. Urondo hab\u00eda empezado en la d\u00e9cada del cincuenta un camino irreversible en la palabra con sus primeros y deslumbrantes versos y continu\u00f3 escribiendo poes\u00eda aun en medio del peligro y la persecuci\u00f3n, como lo testimonia su inconcluso y parcialmente perdido Cuentos de batalla. Todo cuanto hizo estuvo vinculado con los avatares pol\u00edticos de la Argentina y supo responder a cada desaf\u00edo. La obra po\u00e9tica \u2013plenamente inscripta en el tiempo que le toc\u00f3 vivir, con sus turbulencias y sus arduos caminos\u2013 abarca m\u00e1s de veinte a\u00f1os y deja una marca indeleble en la poes\u00eda en lengua castellana. Para Urondo era fundamental hallar la palabra justa, en tanto justeza y justicia, y el intento equival\u00eda a encontrar un sentido que justificara la vida. Equivale a distinguir algo que en varios poemas menciona: lo que vale la pena.<\/p>\n<p><\/span><\/div>\n<div align=\"right\">\n<div><b><span>Susana Cella<\/span><\/b><b><span><\/p>\n<p><\/span><\/b><\/div>\n<div><b><span><br \/><\/span><\/b><\/div>\n<div><b><span><br \/><\/span><\/b><\/div>\n<div><b><span>Trelew<\/span><\/b><\/div>\n<div><b><span><br \/><\/span><\/b><\/div>\n<div><a href=\"http:\/\/2.bp.blogspot.com\/-6h8xhY3BFjg\/Tz1GOgHOIxI\/AAAAAAAAAII\/IkCAO6kWYX0\/s1600\/Trelew.jpg\"><img loading=\"lazy\" decoding=\"async\" border=\"0\" height=\"320\" src=\"http:\/\/2.bp.blogspot.com\/-6h8xhY3BFjg\/Tz1GOgHOIxI\/AAAAAAAAAII\/IkCAO6kWYX0\/s320\/Trelew.jpg\" width=\"216\"><\/a><\/div>\n<div><b><span><br \/><\/span><\/b><\/div>\n<div><\/div>\n<div align=\"left\"><span><b><span lang=\"EN-US\">Urondo, Francisco, 1930-1976<br \/><\/span><\/b><span lang=\"EN-US\">Trelew : la patria fusilada. &#8211; Buenos Aires : Contrapunto, 1988. <\/span><\/span><\/div>\n<div align=\"left\"><span><b>Solicitar por: III 9 B2611<\/b><span><b><span><\/p>\n<p><\/span><\/b><\/span><\/span><\/div>\n<div align=\"left\"><span><b><span><span>Comentario<\/p>\n<p><\/span><\/span><\/b><\/span><\/div>\n<div align=\"left\"><span><span><span>\u00a0 La masacre de Trelew, ocurrida el 22 de agosto de<\/span><span> <\/span><span>1972,\u00a0<\/span><span>conmovi\u00f3<\/span><span>\u00a0a Ia sociedad argentina y tuvo<\/span><span> <\/span><span>profundas significaciones\u00a0<\/span><span>pol\u00edticas<\/span><span>. En aquel episodio\u00a0<\/span><span>\u00a0<\/span><span>tr\u00e1gico<\/span><span>, sobrevivieron tres de las v\u00edctimas \u2014Mar\u00eda<\/span><span> <\/span><span>Antonia Berger, Alberto Camps y Ren\u00e9 Haidar\u2014 que<\/span><span> <\/span><span>quedaron gravemente heridos y fueron trasladados<\/span><span> <\/span><span>m\u00e1s tarde al penal de Villa Devoto. All\u00ed, un ilustre<\/span><span> <\/span><span>preso\u00a0<\/span><span>pol\u00edtico<\/span><span>, Francisco Urondo,\u00a0<\/span><span>realiz\u00f3<\/span><span>\u00a0el largo<\/span><span> <\/span><span>reportaje que\u00a0<\/span><span>public\u00f3<\/span><span>\u00a0con el t\u00edtulo &#8216;<\/span>La Patria<span> <\/span><span>Fusilada<\/span><span>\u00ab. Tanto los reporteados como Paco Urondo<\/span><span> <\/span><span>fueron desaparecidos y asesinados por Ia dictadura<\/span><span> <\/span><span>genocida instalada el 24 de marzo de 1976.<\/span><span><\/p>\n<p><\/span><\/span><\/span><\/div>\n<div align=\"left\"><span><span><span>\u00a0 Tanto \u00abLa  Patria Fusilada\u00bb como el importante\u00a0<\/span><\/span><span><span>\u00a0<\/span><\/span><span><span>ap\u00e9ndice<\/span><span>\u00a0documental que se ha incluido en la<\/span><\/span><span><span> <\/span><\/span><\/span><span><span><span>presente\u00a0<\/span><span>edici\u00f3n<\/span><span>, constituyen piezas fundamentales<\/span><span> <\/span><span>para el conocimiento de aquellos hechos, que<\/span><span> <\/span><span>marcan la\u00a0<\/span><span>g\u00e9nesis<\/span><span>\u00a0del terrorismo de Estado.<\/span><\/span><span><\/p>\n<p><\/span><\/span><\/div>\n<\/div>\n","protected":false},"excerpt":{"rendered":"<p>Los pasos previos Urondo, Francisco, 1930-1976. Los pasos previos.- Buenos Aires : A. Hidalgo, 2011. Solicitar por: II 8 B3364 Comentario \u00a0 Los pasos es un documento sobre nuestras vidas que desde esta orilla resulta alucinante. Es simplemente la historia -fiel, sumisa, real, cotidiana &#8211; de la incorporaci\u00f3n del equipo intelectual latinoamericano a la lucha &hellip; <a href=\"https:\/\/blogs.unc.edu.ar\/novedadesbm\/2012\/02\/16\/urondo-francisco\/\" class=\"more-link\">Seguir leyendo <span class=\"screen-reader-text\">Urondo, Francisco<\/span> <span class=\"meta-nav\">&rarr;<\/span><\/a><\/p>\n","protected":false},"author":41,"featured_media":0,"comment_status":"open","ping_status":"open","sticky":false,"template":"","format":"standard","meta":{"_jetpack_memberships_contains_paid_content":false,"footnotes":""},"categories":[47],"tags":[],"class_list":["post-117","post","type-post","status-publish","format-standard","hentry","category-literatura"],"jetpack_featured_media_url":"","jetpack_sharing_enabled":true,"_links":{"self":[{"href":"https:\/\/blogs.unc.edu.ar\/novedadesbm\/wp-json\/wp\/v2\/posts\/117","targetHints":{"allow":["GET"]}}],"collection":[{"href":"https:\/\/blogs.unc.edu.ar\/novedadesbm\/wp-json\/wp\/v2\/posts"}],"about":[{"href":"https:\/\/blogs.unc.edu.ar\/novedadesbm\/wp-json\/wp\/v2\/types\/post"}],"author":[{"embeddable":true,"href":"https:\/\/blogs.unc.edu.ar\/novedadesbm\/wp-json\/wp\/v2\/users\/41"}],"replies":[{"embeddable":true,"href":"https:\/\/blogs.unc.edu.ar\/novedadesbm\/wp-json\/wp\/v2\/comments?post=117"}],"version-history":[{"count":0,"href":"https:\/\/blogs.unc.edu.ar\/novedadesbm\/wp-json\/wp\/v2\/posts\/117\/revisions"}],"wp:attachment":[{"href":"https:\/\/blogs.unc.edu.ar\/novedadesbm\/wp-json\/wp\/v2\/media?parent=117"}],"wp:term":[{"taxonomy":"category","embeddable":true,"href":"https:\/\/blogs.unc.edu.ar\/novedadesbm\/wp-json\/wp\/v2\/categories?post=117"},{"taxonomy":"post_tag","embeddable":true,"href":"https:\/\/blogs.unc.edu.ar\/novedadesbm\/wp-json\/wp\/v2\/tags?post=117"}],"curies":[{"name":"wp","href":"https:\/\/api.w.org\/{rel}","templated":true}]}}