{"id":114,"date":"2012-04-20T14:23:00","date_gmt":"2012-04-20T14:23:00","guid":{"rendered":"https:\/\/blogs.unc.edu.ar\/novedadesbm\/2012\/04\/20\/dialogo-politico\/"},"modified":"2012-04-20T14:23:00","modified_gmt":"2012-04-20T14:23:00","slug":"dialogo-politico","status":"publish","type":"post","link":"https:\/\/blogs.unc.edu.ar\/novedadesbm\/2012\/04\/20\/dialogo-politico\/","title":{"rendered":"Di\u00e1logo Pol\u00edtico"},"content":{"rendered":"<div><a href=\"http:\/\/1.bp.blogspot.com\/-03x4BqKQTTQ\/T5FxHM0LtGI\/AAAAAAAAAIs\/nnSD_ZRlIx0\/s1600\/dialogo-politicoblog.jpg\"><img decoding=\"async\" border=\"0\" src=\"http:\/\/1.bp.blogspot.com\/-03x4BqKQTTQ\/T5FxHM0LtGI\/AAAAAAAAAIs\/nnSD_ZRlIx0\/s1600\/dialogo-politicoblog.jpg\"><\/a><\/div>\n<div><a href=\"http:\/\/1.bp.blogspot.com\/-03x4BqKQTTQ\/T5FxHM0LtGI\/AAAAAAAAAIs\/nnSD_ZRlIx0\/s1600\/dialogo-politicoblog.jpg\"><!--[if gte mso 9]&gt;     Normal   0   21         false   false   false                             MicrosoftInternetExplorer4   &lt;![endif]--><!--[if gte mso 9]&gt;     &lt;![endif]--><!--[if gte mso 10]&gt;  \/* Style Definitions *\/  table.MsoNormalTable  {mso-style-name:\"Tabla normal\";  mso-tstyle-rowband-size:0;  mso-tstyle-colband-size:0;  mso-style-noshow:yes;  mso-style-parent:\"\";  mso-padding-alt:0cm 5.4pt 0cm 5.4pt;  mso-para-margin:0cm;  mso-para-margin-bottom:.0001pt;  mso-pagination:widow-orphan;  font-size:10.0pt;  font-family:\"Times New Roman\";  mso-ansi-language:#0400;  mso-fareast-language:#0400;  mso-bidi-language:#0400;}  &lt;![endif]-->  <\/a><\/div>\n<div><\/div>\n<div><b><span>Di\u00e1logo pol\u00edtico<\/span><\/b><span> &#8211; Buenos Aires : Konrad-Adenauer-Stiftung A.C. a\u00f1o 28, no. 4 (2011).<\/span><\/div>\n<div><b><span>Solicitar por: H 3188<\/span><\/b><\/div>\n<div><\/div>\n<div><b><span>En este n\u00famero<\/span><\/b><\/div>\n<div><span lang=\"ES-AR\">\u201cAM\u00c9RICA LATINA EN EL SISTEMA DE GOBERNANZA GLOBAL\u201d<\/span><\/div>\n<div><\/div>\n<div><span lang=\"ES-AR\">El siglo XXI encuentra un sistema internacional en proceso de reacomodamiento. En ese contexto, Am\u00e9rica Latina parece dirigirse hacia una nueva etapa del regionalismo que le permitir\u00eda tener un mayor margen de acci\u00f3n a nivel internacional. Contribuye en este sentido el amplio consenso acerca de la necesidad de fortalecer el multilateralismo como la mejor manera de abordar las cuestiones internacionales.<\/span><\/div>\n<div><\/div>\n<div><span lang=\"ES-AR\">Acceso al documento en pdf<\/span><\/div>\n<div><span lang=\"EN-US\"><a href=\"http:\/\/www.kas.de\/wf\/doc\/kas_29827-1522-4-30.pdf?120102205739\"><span lang=\"ES-AR\">http:\/\/www.kas.de\/wf\/doc\/kas_29827-1522-4-30.pdf?120102205739<\/span><\/a><\/span><\/div>\n<div><\/div>\n<p><\/p>\n<div><\/div>\n<div><\/div>\n","protected":false},"excerpt":{"rendered":"<p>Di\u00e1logo pol\u00edtico &#8211; Buenos Aires : Konrad-Adenauer-Stiftung A.C. a\u00f1o 28, no. 4 (2011). Solicitar por: H 3188 En este n\u00famero \u201cAM\u00c9RICA LATINA EN EL SISTEMA DE GOBERNANZA GLOBAL\u201d El siglo XXI encuentra un sistema internacional en proceso de reacomodamiento. En ese contexto, Am\u00e9rica Latina parece dirigirse hacia una nueva etapa del regionalismo que le permitir\u00eda &hellip; <a href=\"https:\/\/blogs.unc.edu.ar\/novedadesbm\/2012\/04\/20\/dialogo-politico\/\" class=\"more-link\">Seguir leyendo <span class=\"screen-reader-text\">Di\u00e1logo Pol\u00edtico<\/span> <span class=\"meta-nav\">&rarr;<\/span><\/a><\/p>\n","protected":false},"author":41,"featured_media":0,"comment_status":"open","ping_status":"open","sticky":false,"template":"","format":"standard","meta":{"_jetpack_memberships_contains_paid_content":false,"footnotes":""},"categories":[6601],"tags":[],"class_list":["post-114","post","type-post","status-publish","format-standard","hentry","category-centro-de-documentacion"],"jetpack_featured_media_url":"","jetpack_sharing_enabled":true,"_links":{"self":[{"href":"https:\/\/blogs.unc.edu.ar\/novedadesbm\/wp-json\/wp\/v2\/posts\/114","targetHints":{"allow":["GET"]}}],"collection":[{"href":"https:\/\/blogs.unc.edu.ar\/novedadesbm\/wp-json\/wp\/v2\/posts"}],"about":[{"href":"https:\/\/blogs.unc.edu.ar\/novedadesbm\/wp-json\/wp\/v2\/types\/post"}],"author":[{"embeddable":true,"href":"https:\/\/blogs.unc.edu.ar\/novedadesbm\/wp-json\/wp\/v2\/users\/41"}],"replies":[{"embeddable":true,"href":"https:\/\/blogs.unc.edu.ar\/novedadesbm\/wp-json\/wp\/v2\/comments?post=114"}],"version-history":[{"count":0,"href":"https:\/\/blogs.unc.edu.ar\/novedadesbm\/wp-json\/wp\/v2\/posts\/114\/revisions"}],"wp:attachment":[{"href":"https:\/\/blogs.unc.edu.ar\/novedadesbm\/wp-json\/wp\/v2\/media?parent=114"}],"wp:term":[{"taxonomy":"category","embeddable":true,"href":"https:\/\/blogs.unc.edu.ar\/novedadesbm\/wp-json\/wp\/v2\/categories?post=114"},{"taxonomy":"post_tag","embeddable":true,"href":"https:\/\/blogs.unc.edu.ar\/novedadesbm\/wp-json\/wp\/v2\/tags?post=114"}],"curies":[{"name":"wp","href":"https:\/\/api.w.org\/{rel}","templated":true}]}}