{"id":112,"date":"2012-04-20T14:30:00","date_gmt":"2012-04-20T14:30:00","guid":{"rendered":"https:\/\/blogs.unc.edu.ar\/novedadesbm\/2012\/04\/20\/prensa-de-la-emancipacion\/"},"modified":"2012-04-20T14:30:00","modified_gmt":"2012-04-20T14:30:00","slug":"prensa-de-la-emancipacion","status":"publish","type":"post","link":"https:\/\/blogs.unc.edu.ar\/novedadesbm\/2012\/04\/20\/prensa-de-la-emancipacion\/","title":{"rendered":"Prensa de la Emancipaci\u00f3n"},"content":{"rendered":"<div><\/div>\n<div><a href=\"http:\/\/4.bp.blogspot.com\/-fDPtebo-6yw\/T5Fx8IVSW1I\/AAAAAAAAAI8\/-ySFF-w4-Gc\/s1600\/prensa-de-la-emnacipacionblog.jpg\"><img decoding=\"async\" border=\"0\" src=\"http:\/\/4.bp.blogspot.com\/-fDPtebo-6yw\/T5Fx8IVSW1I\/AAAAAAAAAI8\/-ySFF-w4-Gc\/s1600\/prensa-de-la-emnacipacionblog.jpg\"><\/a><\/div>\n<div><\/div>\n<div><\/div>\n<div><b><span>Prensa de la emancipaci\u00f3n<\/span><\/b><span> : Proyecto de digitalizaci\u00f3n de la prensa peri\u00f3dica del Siglo XIX, XXI Asamblea General de ABINIA &#8211; Buenos Aires : ABINIA : Biblioteca Nacional, 2010<\/span><\/div>\n<div><b><span>Solicitar por: R 070 P926<\/span><\/b><\/div>\n<div><\/div>\n<div><\/div>\n<div><b><span>Comentario<\/span><\/b><\/div>\n<div><span><span lang=\"ES-AR\">Esta publicaci\u00f3n se inscribe dentro del Proyecto de digitalizaci\u00f3n de la prensa del siglo XIX, en desarrollo desde la d\u00e9cada de los 90 por ABINIA (Asociaci\u00f3n de Estados Iberoamericanos para el desarrollo de Bibliotecas Nacionales de los pa\u00edses de Iberoam\u00e9rica). Ese proyecto est\u00e1 orientado a prevenir la posibilidad de que la prensa latinoamericana del siglo XIX, se pierda por diversos factores que conspiran contra su conservaci\u00f3n.<\/span><\/span><span lang=\"ES-AR\"><\/span><\/div>\n","protected":false},"excerpt":{"rendered":"<p>Prensa de la emancipaci\u00f3n : Proyecto de digitalizaci\u00f3n de la prensa peri\u00f3dica del Siglo XIX, XXI Asamblea General de ABINIA &#8211; Buenos Aires : ABINIA : Biblioteca Nacional, 2010 Solicitar por: R 070 P926 Comentario Esta publicaci\u00f3n se inscribe dentro del Proyecto de digitalizaci\u00f3n de la prensa del siglo XIX, en desarrollo desde la d\u00e9cada &hellip; <a href=\"https:\/\/blogs.unc.edu.ar\/novedadesbm\/2012\/04\/20\/prensa-de-la-emancipacion\/\" class=\"more-link\">Seguir leyendo <span class=\"screen-reader-text\">Prensa de la Emancipaci\u00f3n<\/span> <span class=\"meta-nav\">&rarr;<\/span><\/a><\/p>\n","protected":false},"author":41,"featured_media":0,"comment_status":"open","ping_status":"open","sticky":false,"template":"","format":"standard","meta":{"_jetpack_memberships_contains_paid_content":false,"footnotes":""},"categories":[6601],"tags":[],"class_list":["post-112","post","type-post","status-publish","format-standard","hentry","category-centro-de-documentacion"],"jetpack_featured_media_url":"","jetpack_sharing_enabled":true,"_links":{"self":[{"href":"https:\/\/blogs.unc.edu.ar\/novedadesbm\/wp-json\/wp\/v2\/posts\/112","targetHints":{"allow":["GET"]}}],"collection":[{"href":"https:\/\/blogs.unc.edu.ar\/novedadesbm\/wp-json\/wp\/v2\/posts"}],"about":[{"href":"https:\/\/blogs.unc.edu.ar\/novedadesbm\/wp-json\/wp\/v2\/types\/post"}],"author":[{"embeddable":true,"href":"https:\/\/blogs.unc.edu.ar\/novedadesbm\/wp-json\/wp\/v2\/users\/41"}],"replies":[{"embeddable":true,"href":"https:\/\/blogs.unc.edu.ar\/novedadesbm\/wp-json\/wp\/v2\/comments?post=112"}],"version-history":[{"count":0,"href":"https:\/\/blogs.unc.edu.ar\/novedadesbm\/wp-json\/wp\/v2\/posts\/112\/revisions"}],"wp:attachment":[{"href":"https:\/\/blogs.unc.edu.ar\/novedadesbm\/wp-json\/wp\/v2\/media?parent=112"}],"wp:term":[{"taxonomy":"category","embeddable":true,"href":"https:\/\/blogs.unc.edu.ar\/novedadesbm\/wp-json\/wp\/v2\/categories?post=112"},{"taxonomy":"post_tag","embeddable":true,"href":"https:\/\/blogs.unc.edu.ar\/novedadesbm\/wp-json\/wp\/v2\/tags?post=112"}],"curies":[{"name":"wp","href":"https:\/\/api.w.org\/{rel}","templated":true}]}}