{"id":103,"date":"2012-06-05T12:58:00","date_gmt":"2012-06-05T12:58:00","guid":{"rendered":"https:\/\/blogs.unc.edu.ar\/novedadesbm\/2012\/06\/05\/canals-frau-salvador\/"},"modified":"2012-06-05T12:58:00","modified_gmt":"2012-06-05T12:58:00","slug":"canals-frau-salvador","status":"publish","type":"post","link":"https:\/\/blogs.unc.edu.ar\/novedadesbm\/2012\/06\/05\/canals-frau-salvador\/","title":{"rendered":"Canals Frau, Salvador"},"content":{"rendered":"<div><span>Las poblaciones ind\u00edgenas de la Argentina<\/span><\/div>\n<div><\/div>\n<div><a href=\"http:\/\/1.bp.blogspot.com\/-xSliWqHdm6g\/T84AXqL3R1I\/AAAAAAAAAKM\/I8WkO3_D17I\/s1600\/POBLACIONES-INDIGENAS.jpg\"><img loading=\"lazy\" decoding=\"async\" border=\"0\" height=\"320\" src=\"http:\/\/1.bp.blogspot.com\/-xSliWqHdm6g\/T84AXqL3R1I\/AAAAAAAAAKM\/I8WkO3_D17I\/s320\/POBLACIONES-INDIGENAS.jpg\" width=\"216\"><\/a><\/div>\n<div><\/div>\n<div><\/div>\n<div><b><span lang=\"ES-CO\">Canals Frau, Salvador, b. 1893 <br \/><\/span><\/b><span lang=\"ES-CO\">Las poblaciones ind\u00edgenas de la Argentina : su origen, su pasado, su presente. Buenos Aires : Hypam\u00e9rica, 1986. <\/p>\n<p><\/span><\/div>\n<div><span lang=\"ES-CO\"><b><span lang=\"ES-CO\">Solicitar por: <\/span><\/b><b><span>III 9 B2714<\/span><\/b>\u00a0<\/span><\/div>\n<div><span lang=\"ES-CO\"><br \/><\/span><\/div>\n<div><b><span lang=\"ES-CO\">Comentario<\/p>\n<p><\/span><\/b><\/div>\n<div><span lang=\"ES-CO\">\u00a0\u00a0 Se\u00f1ala Salvador Canals Frau en el prefacio de<\/span><span lang=\"ES-CO\"> <\/span><i><span lang=\"ES-CO\">Las <\/span><\/i><i><span lang=\"ES-CO\">poblaciones ind\u00edgenas de la Argentina <\/span><\/i><span lang=\"ES-CO\">que \u00abaque<span>llos grupos humanos de estirpe americana que fue<\/span><span>\u00ad<\/span><span>ron los primeros ocupantes del territorio de la Rep\u00fablica<\/span><span> <\/span><span>van desapareciendo poco a poco. \u00a0\u00a0\u00a0\u00a0<\/p>\n<p><\/span><\/span><\/div>\n<div><span lang=\"ES-CO\">\u00a0\u00a0 En realidad, no es este<\/span><span lang=\"ES-CO\"> <\/span><span lang=\"ES-CO\">un proceso nuevo. Comenz\u00f3 en el mismo momento en<span> que se asentaron los primeros espa\u00f1oles en el pa\u00eds, perd<\/span>ur\u00f3 durante todo el per\u00edodo hisp\u00e1nico y sigue progre<span>\u00ad<\/span>sando, a trav\u00e9s del periodo independiente, hasta el d\u00eda<span> <\/span><span>de hoy\u00bb. Pero la dram\u00e1tica historia y la dura realidad pre<\/span><span>\u00ad<\/span><span>sente de estos grupos humanos, condenados a la margi<\/span><span>\u00ad<\/span><span>nalidad o a la extinci\u00f3n, debiera acicatear m\u00e1s que amen<\/span>guar el deseo de alcanzar una mejor comprensi\u00f3n de<span> <\/span><span>quienes representan \u00abuno de los tres principales factores<\/span><span> <\/span><span>antropol\u00f3gicos de nuestra personalidad \u00e9tnica\u00bb.<\/span><span><\/p>\n<p><\/span><\/span><\/div>\n<div><span lang=\"ES-CO\">\u00a0 M\u00e1s de treinta a\u00f1os han transcurrido desde la primera <\/span><span lang=\"ES-CO\">edici\u00f3n de este libro, y en ese lapso, como no pod\u00eda ser de<\/span><span lang=\"ES-CO\"> <\/span><span lang=\"ES-CO\">otra manera, la ciencia antropol\u00f3gica ha realizado multi<\/span><span lang=\"ES-CO\">\u00ad<\/span><span lang=\"ES-CO\">tud de nuevos aportes al conocimiento del tema. No obs<\/span><span lang=\"ES-CO\">\u00ad<\/span><span lang=\"ES-CO\">tante, la obra de Canals Frau contin\u00faa sobresaliendo por<\/span><span lang=\"ES-CO\"> <\/span><span lang=\"ES-CO\">la claridad y car\u00e1cter sistem\u00e1tico de la exposici\u00f3n, y debi<\/span><span lang=\"ES-CO\">\u00ad<\/span><span lang=\"ES-CO\">do a ello puede sin duda ser consultada con inter\u00e9s y pro<\/span><span lang=\"ES-CO\">\u00ad<\/span><span lang=\"ES-CO\">vecho por el lector de nuestros d\u00edas.<\/span><span lang=\"ES-CO\"><\/p>\n<p><\/span><\/div>\n<p><\/p>\n<div><\/div>\n","protected":false},"excerpt":{"rendered":"<p>Las poblaciones ind\u00edgenas de la Argentina Canals Frau, Salvador, b. 1893 Las poblaciones ind\u00edgenas de la Argentina : su origen, su pasado, su presente. Buenos Aires : Hypam\u00e9rica, 1986. Solicitar por: III 9 B2714\u00a0 Comentario \u00a0\u00a0 Se\u00f1ala Salvador Canals Frau en el prefacio de Las poblaciones ind\u00edgenas de la Argentina que \u00abaquellos grupos humanos de &hellip; <a href=\"https:\/\/blogs.unc.edu.ar\/novedadesbm\/2012\/06\/05\/canals-frau-salvador\/\" class=\"more-link\">Seguir leyendo <span class=\"screen-reader-text\">Canals Frau, Salvador<\/span> <span class=\"meta-nav\">&rarr;<\/span><\/a><\/p>\n","protected":false},"author":41,"featured_media":0,"comment_status":"open","ping_status":"open","sticky":false,"template":"","format":"standard","meta":{"_jetpack_memberships_contains_paid_content":false,"footnotes":""},"categories":[7950],"tags":[],"class_list":["post-103","post","type-post","status-publish","format-standard","hentry","category-historia"],"jetpack_featured_media_url":"","jetpack_sharing_enabled":true,"_links":{"self":[{"href":"https:\/\/blogs.unc.edu.ar\/novedadesbm\/wp-json\/wp\/v2\/posts\/103","targetHints":{"allow":["GET"]}}],"collection":[{"href":"https:\/\/blogs.unc.edu.ar\/novedadesbm\/wp-json\/wp\/v2\/posts"}],"about":[{"href":"https:\/\/blogs.unc.edu.ar\/novedadesbm\/wp-json\/wp\/v2\/types\/post"}],"author":[{"embeddable":true,"href":"https:\/\/blogs.unc.edu.ar\/novedadesbm\/wp-json\/wp\/v2\/users\/41"}],"replies":[{"embeddable":true,"href":"https:\/\/blogs.unc.edu.ar\/novedadesbm\/wp-json\/wp\/v2\/comments?post=103"}],"version-history":[{"count":0,"href":"https:\/\/blogs.unc.edu.ar\/novedadesbm\/wp-json\/wp\/v2\/posts\/103\/revisions"}],"wp:attachment":[{"href":"https:\/\/blogs.unc.edu.ar\/novedadesbm\/wp-json\/wp\/v2\/media?parent=103"}],"wp:term":[{"taxonomy":"category","embeddable":true,"href":"https:\/\/blogs.unc.edu.ar\/novedadesbm\/wp-json\/wp\/v2\/categories?post=103"},{"taxonomy":"post_tag","embeddable":true,"href":"https:\/\/blogs.unc.edu.ar\/novedadesbm\/wp-json\/wp\/v2\/tags?post=103"}],"curies":[{"name":"wp","href":"https:\/\/api.w.org\/{rel}","templated":true}]}}