{"id":20,"date":"2017-06-01T16:51:25","date_gmt":"2017-06-01T16:51:25","guid":{"rendered":"https:\/\/blogs.unc.edu.ar\/encuentro-gestion-cultural\/?p=20"},"modified":"2017-07-24T16:02:30","modified_gmt":"2017-07-24T16:02:30","slug":"jornadas-preparatorias-calendario-y-tematicas","status":"publish","type":"post","link":"https:\/\/blogs.unc.edu.ar\/encuentro-gestion-cultural\/2017\/06\/01\/jornadas-preparatorias-calendario-y-tematicas\/","title":{"rendered":"Jornadas Preparatorias :: Calendario y tem\u00e1ticas"},"content":{"rendered":"<p>La Secretar\u00eda de Cultura de la Municipalidad de C\u00f3rdoba y la Subsecretar\u00eda de Cultura de Extensi\u00f3n UNC organizan el\u00a0<strong>Cuarto Encuentro de Gesti\u00f3n Cultural &#8211; C\u00f3rdoba 2017\u00a0\u00a0<\/strong>que se realizar\u00e1 el viernes 22 y s\u00e1bado 23 de septiembre. Este encuentro, orientado a trabajadores de la cultura, tiene el objetivo de profundizar la reflexi\u00f3n colectiva en torno a las potencialidades, problem\u00e1ticas y desaf\u00edos que enfrenta la gesti\u00f3n cultural en la actualidad, sea esta de car\u00e1cter p\u00fablico, privado y\/o mixto.<\/p>\n<p>Retomando la din\u00e1mica de trabajo de ediciones anteriores se han organizado cuatro Jornadas Preparatorias libres y gratuitas estructuradas en los siguientes ejes:<\/p>\n<p><!--more--><\/p>\n<p><strong>1) Presentaci\u00f3n e introducci\u00f3n a las Jornadas Preparatorias:\u00a0\u00bfQu\u00e9 significa gestionar cultura?\u00a0<\/strong><\/p>\n<p><strong>Mi\u00e9rcoles 14 de junio<\/strong>\u00a0\u2013 <a href=\"https:\/\/es-la.facebook.com\/CasonaMunicipal\/\">Centro Cultural Casona Municipal<\/a> (La Rioja esq. General Paz \u2013 Ciudad de C\u00f3rdoba) &#8211; 9:30 a 12:30.<\/p>\n<p><strong>2) Gesti\u00f3n cultural: Desaf\u00edos en los tiempos tecnol\u00f3gicos\u00a0<\/strong><\/p>\n<p><strong>Mi\u00e9rcoles 28\u00a0de junio<\/strong>\u00a0\u2013 Centro Cultural Casona Municipal (La Rioja esq. General Paz \u2013 Ciudad de C\u00f3rdoba) &#8211; 9:30 a 12:30<\/p>\n<p><strong>3) Gesti\u00f3n cultural: Redes, cooperaci\u00f3n y espacios de formaci\u00f3n.<\/strong><\/p>\n<p><strong>Mi\u00e9rcoles 05\u00a0de julio<\/strong>\u00a0\u2013 Centro Cultural Casona Municipal (La Rioja esq. General Paz \u2013 Ciudad de C\u00f3rdoba)\u00a0 &#8211; 9:30 a 12:30<\/p>\n<p><strong>4) Encuentro Regional de Puntos de Cultura y Organizaciones de Cultura Comunitaria\u00a0<\/strong><\/p>\n<p>28 al\u00a030 de julio &#8211; Lugar a confirmar.<\/p>\n<p>&nbsp;<\/p>\n","protected":false},"excerpt":{"rendered":"<p>La Secretar\u00eda de Cultura de la Municipalidad de C\u00f3rdoba y la Subsecretar\u00eda de Cultura de Extensi\u00f3n UNC organizan el\u00a0Cuarto Encuentro de Gesti\u00f3n Cultural &#8211; C\u00f3rdoba 2017\u00a0\u00a0que se realizar\u00e1 el viernes 22 y s\u00e1bado 23 de septiembre. Este encuentro, orientado a trabajadores de la cultura, tiene el objetivo de profundizar la reflexi\u00f3n colectiva en torno a &hellip; <a href=\"https:\/\/blogs.unc.edu.ar\/encuentro-gestion-cultural\/2017\/06\/01\/jornadas-preparatorias-calendario-y-tematicas\/\" class=\"more-link\">Continuar leyendo<span class=\"screen-reader-text\"> \u00abJornadas Preparatorias :: Calendario y tem\u00e1ticas\u00bb<\/span><\/a><\/p>\n","protected":false},"author":394,"featured_media":0,"comment_status":"open","ping_status":"open","sticky":false,"template":"","format":"standard","meta":{"footnotes":""},"categories":[59],"tags":[17183,16224,17786,8,16357,4294,16831,14432,14077,15737,16731,17388,15864,15511,15235,42,17650,4226,14774],"class_list":["post-20","post","type-post","status-publish","format-standard","hentry","category-sin-categoria","tag-argentina","tag-centro-cultural-casona-municipal","tag-cooperacion","tag-cordoba","tag-cuarto-encuentro-de-gestion-cultural","tag-cultura","tag-cultura-comunitaria","tag-encuentro","tag-gestion-cultural","tag-municipalidad-de-cordoba","tag-punto-de-cultura","tag-red","tag-red-de-gestion-cultural-publica","tag-secretaria-de-cultura","tag-secretaria-de-extension-universitaria","tag-tecnologia","tag-trabajo-en-red","tag-unc","tag-universidad-nacional-de-cordoba"],"_links":{"self":[{"href":"https:\/\/blogs.unc.edu.ar\/encuentro-gestion-cultural\/wp-json\/wp\/v2\/posts\/20","targetHints":{"allow":["GET"]}}],"collection":[{"href":"https:\/\/blogs.unc.edu.ar\/encuentro-gestion-cultural\/wp-json\/wp\/v2\/posts"}],"about":[{"href":"https:\/\/blogs.unc.edu.ar\/encuentro-gestion-cultural\/wp-json\/wp\/v2\/types\/post"}],"author":[{"embeddable":true,"href":"https:\/\/blogs.unc.edu.ar\/encuentro-gestion-cultural\/wp-json\/wp\/v2\/users\/394"}],"replies":[{"embeddable":true,"href":"https:\/\/blogs.unc.edu.ar\/encuentro-gestion-cultural\/wp-json\/wp\/v2\/comments?post=20"}],"version-history":[{"count":2,"href":"https:\/\/blogs.unc.edu.ar\/encuentro-gestion-cultural\/wp-json\/wp\/v2\/posts\/20\/revisions"}],"predecessor-version":[{"id":39,"href":"https:\/\/blogs.unc.edu.ar\/encuentro-gestion-cultural\/wp-json\/wp\/v2\/posts\/20\/revisions\/39"}],"wp:attachment":[{"href":"https:\/\/blogs.unc.edu.ar\/encuentro-gestion-cultural\/wp-json\/wp\/v2\/media?parent=20"}],"wp:term":[{"taxonomy":"category","embeddable":true,"href":"https:\/\/blogs.unc.edu.ar\/encuentro-gestion-cultural\/wp-json\/wp\/v2\/categories?post=20"},{"taxonomy":"post_tag","embeddable":true,"href":"https:\/\/blogs.unc.edu.ar\/encuentro-gestion-cultural\/wp-json\/wp\/v2\/tags?post=20"}],"curies":[{"name":"wp","href":"https:\/\/api.w.org\/{rel}","templated":true}]}}