{"id":125,"date":"2014-09-11T21:55:41","date_gmt":"2014-09-11T21:55:41","guid":{"rendered":"https:\/\/blogs.unc.edu.ar\/doctoradoaypp\/?p=125"},"modified":"2014-09-11T21:56:17","modified_gmt":"2014-09-11T21:56:17","slug":"libro-genero-en-las-politicas-locales","status":"publish","type":"post","link":"https:\/\/blogs.unc.edu.ar\/doctoradoaypp\/libro-genero-en-las-politicas-locales\/","title":{"rendered":"LA CUESTI\u00d3N DE G\u00c9NERO EN LAS POL\u00cdTICAS LOCALES"},"content":{"rendered":"<p>\n\t<a href=\"https:\/\/blogs.unc.edu.ar\/doctoradoaypp\/files\/20140911_171814-001.jpg\"><img loading=\"lazy\" decoding=\"async\" alt=\"Genero Pol\u00edticas\" class=\"alignnone size-medium wp-image-126\" height=\"227\" src=\"https:\/\/blogs.unc.edu.ar\/doctoradoaypp\/files\/20140911_171814-001-300x227.jpg\" width=\"300\" srcset=\"https:\/\/blogs.unc.edu.ar\/doctoradoaypp\/files\/20140911_171814-001-300x227.jpg 300w, https:\/\/blogs.unc.edu.ar\/doctoradoaypp\/files\/20140911_171814-001-1024x776.jpg 1024w\" sizes=\"auto, (max-width: 300px) 100vw, 300px\" \/><\/a><br \/>\n\t&nbsp;\n<\/p>\n<p>\n\tCompartimos publicaci&oacute;n realizada por el equipo de docentes del IIFAP y coordinados por nuestro actual coordinador acad&eacute;mico Carlos La Serna.\n<\/p>\n<p>\n\t<span class=\"userContent\">ISBN: 978-987-1599-76-<span class=\"text_exposed_show\">9 \/ pp.208 \/ 2011 \/ Ciccus &#8211; Universidad Nacional de C&oacute;rdoba &#8211; IIFAP \/ 16 x 23 cm <\/span><\/span><br \/>\n\t&nbsp;\n<\/p>\n<p>\n\tEl g&eacute;nero, como categor&iacute;a social, es una de las contribuciones m&aacute;s importantes del feminismo a la sociedad contempor&aacute;nea. Surge para explicar las desigualdades entre hombres y mujeres, poniendo el &eacute;nfasis en la noci&oacute;n de multiplicidad de identidades, en donde lo femenino y lo masculino se conforman a partir de una relaci&oacute;n mutua, cultural e hist&oacute;rica.\n<\/p>\n<p>\n\tLa cuesti&oacute;n se tematiza tempranamente en nuestra sociedad, en el pionero esfuerzo del llamado sufragismo. Los sectores tradicionales de la &eacute;poca, llamaron a estas activistas, &ldquo;mujeres rojas&rdquo;: Este ciclo de luchas se cerrar&aacute; con la aprobaci&oacute;n del derecho de la mujer a la participaci&oacute;n pol&iacute;tica. En el medio, se cuentan esfuerzos y luchas que tuvieron como protagonistas a grupos de la casi totalidad del arco pol&iacute;tico partidario. Argentina ser&iacute;a el primer pa&iacute;s de Am&eacute;rica Latina en sancionar este derecho.\n<\/p>\n<p>\n\tA partir de la d&eacute;cada de los &rsquo;80, el g&eacute;nero resurge con una intensidad que no puede dejar de correlacionarse con los cambios en el rol de la mujer al interior de la familia y la sociedad. El neo-liberalismo desata un proceso regresivo en relaci&oacute;n con las condiciones de la vida social; no obstante, no puede detener procesos emancipatorios, que se expresan en una sociedad civil, que act&uacute;a en el espacio subjetivo de la identidad, en &aacute;reas vitales tales como el trabajo, el ambiente, la violencia, el g&eacute;nero.\n<\/p>\n<p>\n\tBajo la recuperada democracia se dan cambios muy relevantes en la legislaci&oacute;n familiar y de los nuevos derechos de g&eacute;nero. En otro plano, la modalidad de gesti&oacute;n gubernamental, se realiza de forma desconcentrada, asumiendo los estados locales la operaci&oacute;n de distintos programas, bajo el supuesto &ndash; no siempre demostrado- de que ello permitir&iacute;a una mayor participaci&oacute;n.\n<\/p>\n<p>\n\tEn este marco, aqu&iacute; s&oacute;lo enunciado, los distintos art&iacute;culos que integran este volumen, analizan el rol de los gobiernos locales, en respuesta a la pregunta por su capacidad para la transformaci&oacute;n de las &ldquo;condiciones&rdquo; y &ldquo;posiciones&rdquo; de la mujer en la sociedad, como tambi&eacute;n la acci&oacute;n de la sociedad civil local en este cr&iacute;tico campo.\n<\/p>\n<p>\n\tLos trabajos que se presentan, resultan de un esfuerzo emp&iacute;rico de magnitud. El an&aacute;lisis ha abarcado la indagaci&oacute;n cualitativa sobre la problem&aacute;tica del g&eacute;nero en los campos de la educaci&oacute;n, la familia, el trabajo y la salud, en nueve sociedades locales &ndash; municipios- del interior de la Provincia de C&oacute;rdoba.<\/p>\n","protected":false},"excerpt":{"rendered":"<p>&nbsp; Compartimos publicaci&oacute;n realizada por el equipo de docentes del IIFAP y coordinados por nuestro actual coordinador acad&eacute;mico Carlos La Serna. ISBN: 978-987-1599-76-9 \/ pp.208 \/ 2011 \/ Ciccus &#8211; Universidad Nacional de C&oacute;rdoba &#8211; IIFAP \/ 16 x 23 cm &nbsp; El g&eacute;nero, como categor&iacute;a social, es una de las contribuciones m&aacute;s importantes del &hellip; <\/p>\n<p class=\"link-more\"><a href=\"https:\/\/blogs.unc.edu.ar\/doctoradoaypp\/libro-genero-en-las-politicas-locales\/\" class=\"more-link\">Seguir leyendo<span class=\"screen-reader-text\"> \u00abLA CUESTI\u00d3N DE G\u00c9NERO EN LAS POL\u00cdTICAS LOCALES\u00bb<\/span><\/a><\/p>\n","protected":false},"author":39,"featured_media":0,"comment_status":"closed","ping_status":"open","sticky":false,"template":"","format":"standard","meta":{"footnotes":""},"categories":[59],"tags":[],"class_list":["post-125","post","type-post","status-publish","format-standard","hentry","category-sin-categoria","entry"],"_links":{"self":[{"href":"https:\/\/blogs.unc.edu.ar\/doctoradoaypp\/wp-json\/wp\/v2\/posts\/125","targetHints":{"allow":["GET"]}}],"collection":[{"href":"https:\/\/blogs.unc.edu.ar\/doctoradoaypp\/wp-json\/wp\/v2\/posts"}],"about":[{"href":"https:\/\/blogs.unc.edu.ar\/doctoradoaypp\/wp-json\/wp\/v2\/types\/post"}],"author":[{"embeddable":true,"href":"https:\/\/blogs.unc.edu.ar\/doctoradoaypp\/wp-json\/wp\/v2\/users\/39"}],"replies":[{"embeddable":true,"href":"https:\/\/blogs.unc.edu.ar\/doctoradoaypp\/wp-json\/wp\/v2\/comments?post=125"}],"version-history":[{"count":1,"href":"https:\/\/blogs.unc.edu.ar\/doctoradoaypp\/wp-json\/wp\/v2\/posts\/125\/revisions"}],"predecessor-version":[{"id":127,"href":"https:\/\/blogs.unc.edu.ar\/doctoradoaypp\/wp-json\/wp\/v2\/posts\/125\/revisions\/127"}],"wp:attachment":[{"href":"https:\/\/blogs.unc.edu.ar\/doctoradoaypp\/wp-json\/wp\/v2\/media?parent=125"}],"wp:term":[{"taxonomy":"category","embeddable":true,"href":"https:\/\/blogs.unc.edu.ar\/doctoradoaypp\/wp-json\/wp\/v2\/categories?post=125"},{"taxonomy":"post_tag","embeddable":true,"href":"https:\/\/blogs.unc.edu.ar\/doctoradoaypp\/wp-json\/wp\/v2\/tags?post=125"}],"curies":[{"name":"wp","href":"https:\/\/api.w.org\/{rel}","templated":true}]}}